{"id":43765,"date":"2024-03-29T20:41:25","date_gmt":"2024-03-29T20:41:25","guid":{"rendered":"http:\/\/lahora.mx\/?p=43765"},"modified":"2024-03-29T20:41:26","modified_gmt":"2024-03-29T20:41:26","slug":"arzobispo-de-puebla-encabeza-procesion-de-viernes-santo-en-auto","status":"publish","type":"post","link":"https:\/\/lahora.mx\/index.php\/2024\/03\/29\/arzobispo-de-puebla-encabeza-procesion-de-viernes-santo-en-auto\/","title":{"rendered":"Arzobispo de Puebla encabeza Procesi\u00f3n de Viernes Santo en auto"},"content":{"rendered":"\n<p>V\u00edctor S\u00e1nchez Espinosa, arzobispo de Puebla, dio inici\u00f3 a la Procesi\u00f3n de Viernes Santo; sin embargo, en esta ocasi\u00f3n, por primera vez, hizo uso de un autom\u00f3vil debido a que en enero fue operado de la cadera izquierda.<\/p>\n\n\n\n<p>Previo a salir en caravana, el l\u00edder de la grey cat\u00f3lica enfatiz\u00f3 que en estos d\u00edas santos se recuerda la entrada del triunfo de Jes\u00fas a Jerusal\u00e9n, la celebraci\u00f3n de la cena del se\u00f1or, el caminar del Jueves Santo, adem\u00e1s de la celebraci\u00f3n de la pasi\u00f3n, muerte, cruz, el sufrimiento y la resurrecci\u00f3n del Se\u00f1or Jesucristo.<\/p>\n\n\n\n<p>\u00abMeditamos en estos sagrados d\u00edas de nuestra fe como ya es tradici\u00f3n peregrinamos en torno a las im\u00e1genes m\u00e1s queridas. Acompa\u00f1amos a nuestra im\u00e1genes con oraci\u00f3n, reflexi\u00f3n y canto\u00bb, expres\u00f3.<\/p>\n\n\n\n<p>Al salir de la explanada de la Catedral, estuvo acompa\u00f1ado por cofrad\u00edas y creyentes de las im\u00e1genes que participan en la procesi\u00f3n y que es considera la m\u00e1s grande de Latinoam\u00e9rica al reunir a miles de cat\u00f3licos y que se realiza desde 1992.<\/p>\n\n\n\n<p>La procesi\u00f3n fue encabezada por el Ni\u00f1o Doctor, de Tepeaca, quien fue recibido con porras, aplausos y oraciones.<\/p>\n\n\n\n<p>Asimismo, estuvo presente el gobernador Sergio Salm\u00f3n C\u00e9spedes Peregrina, el secretario de Gobernaci\u00f3n, Javier Aquino Lim\u00f3n; el presidente municipal de Puebla, Ad\u00e1n Dom\u00ednguez S\u00e1nchez; el rector de la UPAEP, Emilio Ba\u00f1os Ardav\u00edn y los integrantes de la Comisi\u00f3n Organizadora, quienes salieron de Catedral para procesionar detr\u00e1s de la imagen del Santo Ni\u00f1o Doctor.<\/p>\n","protected":false},"excerpt":{"rendered":"<p>V\u00edctor S\u00e1nchez Espinosa, arzobispo de Puebla, dio inici\u00f3 a la Procesi\u00f3n de Viernes Santo; sin embargo, en esta ocasi\u00f3n, por primera vez, hizo uso de un autom\u00f3vil debido a que en enero fue operado de la cadera izquierda. Previo a salir en caravana, el l\u00edder de la grey cat\u00f3lica enfatiz\u00f3 que en estos d\u00edas santos [&hellip;]<\/p>\n","protected":false},"author":4,"featured_media":43766,"comment_status":"open","ping_status":"open","sticky":false,"template":"","format":"standard","meta":{"om_disable_all_campaigns":false,"_monsterinsights_skip_tracking":false,"_monsterinsights_sitenote_active":false,"_monsterinsights_sitenote_note":"","_monsterinsights_sitenote_category":0,"footnotes":""},"categories":[175],"tags":[195,223],"class_list":["post-43765","post","type-post","status-publish","format-standard","has-post-thumbnail","hentry","category-local","tag-principal","tag-puebla"],"amp_enabled":true,"_links":{"self":[{"href":"https:\/\/lahora.mx\/index.php\/wp-json\/wp\/v2\/posts\/43765","targetHints":{"allow":["GET"]}}],"collection":[{"href":"https:\/\/lahora.mx\/index.php\/wp-json\/wp\/v2\/posts"}],"about":[{"href":"https:\/\/lahora.mx\/index.php\/wp-json\/wp\/v2\/types\/post"}],"author":[{"embeddable":true,"href":"https:\/\/lahora.mx\/index.php\/wp-json\/wp\/v2\/users\/4"}],"replies":[{"embeddable":true,"href":"https:\/\/lahora.mx\/index.php\/wp-json\/wp\/v2\/comments?post=43765"}],"version-history":[{"count":1,"href":"https:\/\/lahora.mx\/index.php\/wp-json\/wp\/v2\/posts\/43765\/revisions"}],"predecessor-version":[{"id":43767,"href":"https:\/\/lahora.mx\/index.php\/wp-json\/wp\/v2\/posts\/43765\/revisions\/43767"}],"wp:featuredmedia":[{"embeddable":true,"href":"https:\/\/lahora.mx\/index.php\/wp-json\/wp\/v2\/media\/43766"}],"wp:attachment":[{"href":"https:\/\/lahora.mx\/index.php\/wp-json\/wp\/v2\/media?parent=43765"}],"wp:term":[{"taxonomy":"category","embeddable":true,"href":"https:\/\/lahora.mx\/index.php\/wp-json\/wp\/v2\/categories?post=43765"},{"taxonomy":"post_tag","embeddable":true,"href":"https:\/\/lahora.mx\/index.php\/wp-json\/wp\/v2\/tags?post=43765"}],"curies":[{"name":"wp","href":"https:\/\/api.w.org\/{rel}","templated":true}]}}