{"id":43762,"date":"2024-03-29T20:39:54","date_gmt":"2024-03-29T20:39:54","guid":{"rendered":"http:\/\/lahora.mx\/?p=43762"},"modified":"2024-03-29T20:39:55","modified_gmt":"2024-03-29T20:39:55","slug":"abogada-afirma-que-hay-mas-de-100-victimas-de-andres-roemer","status":"publish","type":"post","link":"https:\/\/lahora.mx\/index.php\/2024\/03\/29\/abogada-afirma-que-hay-mas-de-100-victimas-de-andres-roemer\/","title":{"rendered":"Abogada afirma que hay m\u00e1s de 100 v\u00edctimas de Andr\u00e9s Roemer"},"content":{"rendered":"\n<p>Ximena Ugarte Trangay, abogada de cinco v\u00edctimas que acusaron al exdiplom\u00e1tico Andr\u00e9s Roemer por abuso sexual y violaci\u00f3n, se\u00f1al\u00f3 que son m\u00e1s de 100 mujeres las que fueron agredidas por \u00e9l durante varios a\u00f1os, y no alrededor de 60, como hab\u00eda informado Periodistas Unidas Mexicanas en 2021.<\/p>\n\n\n\n<p>\u00abEstar\u00edamos hablando de cientos de mujeres que durante d\u00e9cadas fueron abusadas en diversos lugares. El m\u00e1s conocido es la casa de R\u00edo de Janeiro, que es donde suceden los hechos m\u00e1s recientes, por as\u00ed decirlo\u201d, afirm\u00f3 Ugarte en entrevista para F\u00f3rmula Noticias.<\/p>\n\n\n\n<p>\u201c\u00c9l ocup\u00f3 diversos puestos de poder en la Secretar\u00eda de Cultura, en la Unesco, en universidades de otros pa\u00edses. De todos estos lugares donde tuvo un cargo o puesto, hay testimonios\u00bb, agreg\u00f3.<\/p>\n\n\n\n<p>Sin embargo, varias de estas denuncias ya prescribieron, as\u00ed que no pueden asistir y declarar en la Fiscal\u00eda General de Justicia de la Ciudad de M\u00e9xico (FGJEM); estas declaraciones se presentan luego de que una corte de Israel determinara el pasado 28 de marzo que Roemer s\u00ed podr\u00eda ser extraditado a M\u00e9xico.<\/p>\n\n\n\n<p>En tanto, la representante legal del Instituto Mexicano de Derechos Humanos y Democracia (IMDHD) mencion\u00f3 que la posible fecha de extradici\u00f3n de Andr\u00e9s Roemer no ha sido informada ya que la Fiscal\u00eda General de la Rep\u00fablica (FGR) no ha se\u00f1alado los pasos a seguir para que el exfuncionario sea trasladado al pa\u00eds.<\/p>\n\n\n\n<p>Asimismo, solicit\u00f3 a las autoridades que proporcionen m\u00e1s datos para que las v\u00edctimas tengan conocimiento de lo que est\u00e1 pasando.<\/p>\n\n\n\n<p>\u201cDesconozco cu\u00e1nto pueda tardar un procedimiento de apelaci\u00f3n, hago un s\u00edmil con el caso mexicano, las apelaciones pueden tardar de seis meses a 1 a\u00f1o, todav\u00eda falta un rato\u00bb, afirm\u00f3.<\/p>\n\n\n\n<p>V\u00edctimas de Roemer podr\u00edan obtener justicia<br>Ugarte Trangay detall\u00f3 que el exdiplom\u00e1tico est\u00e1 cerca de presentarse ante la justicia de M\u00e9xico, por lo menos un poco m\u00e1s que hace tres a\u00f1os, y que las v\u00edctimas estaban pr\u00f3ximas a obtener justicia.<\/p>\n\n\n\n<p>En esta l\u00ednea, remarc\u00f3 que entre lo realizado para que el proceso legal est\u00e9 en este punto, destaca cuando en 2021, la bailarina Itzel Schnass denunci\u00f3 p\u00fablicamente, ya que este acto \u201cdestap\u00f3 la cloaca\u201d para que se investigaran casos relacionados ante la Fiscal\u00eda de la CDMX en contra de Roemer.<\/p>\n\n\n\n<p>Asimismo, mencion\u00f3 que esta acci\u00f3n logr\u00f3 que se otorgaran cinco \u00f3rdenes de aprehensi\u00f3n, que luego se convirtieron en solicitudes de extradici\u00f3n.<\/p>\n\n\n\n<p>\u00abTodo este procedimiento jur\u00eddico no hubiese sido posible si ellas no hubieran hecho la denuncia, si no hubieran ido a la Fiscal\u00eda a hacer la denuncia y si no hubiesen aportado elementos probatorios\u201d, afirm\u00f3.<\/p>\n\n\n\n<p>Sin embargo, reconoci\u00f3 que el proceso ha sido dif\u00edcil, y que el exfuncionario ha presentado distintos recursos, uno de ellos cuando demand\u00f3 a una de las v\u00edctimas, aunque perdi\u00f3 el caso.<\/p>\n","protected":false},"excerpt":{"rendered":"<p>Ximena Ugarte Trangay, abogada de cinco v\u00edctimas que acusaron al exdiplom\u00e1tico Andr\u00e9s Roemer por abuso sexual y violaci\u00f3n, se\u00f1al\u00f3 que son m\u00e1s de 100 mujeres las que fueron agredidas por \u00e9l durante varios a\u00f1os, y no alrededor de 60, como hab\u00eda informado Periodistas Unidas Mexicanas en 2021. \u00abEstar\u00edamos hablando de cientos de mujeres que durante [&hellip;]<\/p>\n","protected":false},"author":4,"featured_media":43763,"comment_status":"open","ping_status":"open","sticky":false,"template":"","format":"standard","meta":{"om_disable_all_campaigns":false,"_monsterinsights_skip_tracking":false,"_monsterinsights_sitenote_active":false,"_monsterinsights_sitenote_note":"","_monsterinsights_sitenote_category":0,"footnotes":""},"categories":[175,176,226],"tags":[223],"class_list":["post-43762","post","type-post","status-publish","format-standard","has-post-thumbnail","hentry","category-local","category-nacional","category-policia","tag-puebla"],"amp_enabled":true,"_links":{"self":[{"href":"https:\/\/lahora.mx\/index.php\/wp-json\/wp\/v2\/posts\/43762","targetHints":{"allow":["GET"]}}],"collection":[{"href":"https:\/\/lahora.mx\/index.php\/wp-json\/wp\/v2\/posts"}],"about":[{"href":"https:\/\/lahora.mx\/index.php\/wp-json\/wp\/v2\/types\/post"}],"author":[{"embeddable":true,"href":"https:\/\/lahora.mx\/index.php\/wp-json\/wp\/v2\/users\/4"}],"replies":[{"embeddable":true,"href":"https:\/\/lahora.mx\/index.php\/wp-json\/wp\/v2\/comments?post=43762"}],"version-history":[{"count":1,"href":"https:\/\/lahora.mx\/index.php\/wp-json\/wp\/v2\/posts\/43762\/revisions"}],"predecessor-version":[{"id":43764,"href":"https:\/\/lahora.mx\/index.php\/wp-json\/wp\/v2\/posts\/43762\/revisions\/43764"}],"wp:featuredmedia":[{"embeddable":true,"href":"https:\/\/lahora.mx\/index.php\/wp-json\/wp\/v2\/media\/43763"}],"wp:attachment":[{"href":"https:\/\/lahora.mx\/index.php\/wp-json\/wp\/v2\/media?parent=43762"}],"wp:term":[{"taxonomy":"category","embeddable":true,"href":"https:\/\/lahora.mx\/index.php\/wp-json\/wp\/v2\/categories?post=43762"},{"taxonomy":"post_tag","embeddable":true,"href":"https:\/\/lahora.mx\/index.php\/wp-json\/wp\/v2\/tags?post=43762"}],"curies":[{"name":"wp","href":"https:\/\/api.w.org\/{rel}","templated":true}]}}