{"id":43759,"date":"2024-03-29T20:37:16","date_gmt":"2024-03-29T20:37:16","guid":{"rendered":"http:\/\/lahora.mx\/?p=43759"},"modified":"2024-03-29T20:37:16","modified_gmt":"2024-03-29T20:37:16","slug":"estacionamiento-gratis-en-teziutlan-por-semana-santa","status":"publish","type":"post","link":"https:\/\/lahora.mx\/index.php\/2024\/03\/29\/estacionamiento-gratis-en-teziutlan-por-semana-santa\/","title":{"rendered":"Estacionamiento gratis en Teziutl\u00e1n por Semana Santa"},"content":{"rendered":"\n<p>Por motivo de vacaciones de Semana Santa en el municipio de Teziutl\u00e1n suspender\u00e1 el cobro de parqu\u00edmetros.<\/p>\n\n\n\n<p>La Direcci\u00f3n de Parqu\u00edmetros de Teziutl\u00e1n en conjunto con el Gobierno de Teziutl\u00e1n lanz\u00f3 un comunicado a la ciudadan\u00eda que a durante los d\u00edas 28, 29 y 30 de marzo el servicio de parqu\u00edmetros queda suspendido en la ciudad de Teziutl\u00e1n.<\/p>\n\n\n\n<p>Dicho servici\u00f3 volver\u00e1 a operar de manera normal el d\u00eda 1 de abril, inform\u00f3 TeziuPark Parqu\u00edmetros Virtuales en sus redes oficiales.<\/p>\n","protected":false},"excerpt":{"rendered":"<p>Por motivo de vacaciones de Semana Santa en el municipio de Teziutl\u00e1n suspender\u00e1 el cobro de parqu\u00edmetros. La Direcci\u00f3n de Parqu\u00edmetros de Teziutl\u00e1n en conjunto con el Gobierno de Teziutl\u00e1n lanz\u00f3 un comunicado a la ciudadan\u00eda que a durante los d\u00edas 28, 29 y 30 de marzo el servicio de parqu\u00edmetros queda suspendido en la [&hellip;]<\/p>\n","protected":false},"author":4,"featured_media":43760,"comment_status":"open","ping_status":"open","sticky":false,"template":"","format":"standard","meta":{"om_disable_all_campaigns":false,"_monsterinsights_skip_tracking":false,"_monsterinsights_sitenote_active":false,"_monsterinsights_sitenote_note":"","_monsterinsights_sitenote_category":0,"footnotes":""},"categories":[175],"tags":[223],"class_list":["post-43759","post","type-post","status-publish","format-standard","has-post-thumbnail","hentry","category-local","tag-puebla"],"amp_enabled":true,"_links":{"self":[{"href":"https:\/\/lahora.mx\/index.php\/wp-json\/wp\/v2\/posts\/43759","targetHints":{"allow":["GET"]}}],"collection":[{"href":"https:\/\/lahora.mx\/index.php\/wp-json\/wp\/v2\/posts"}],"about":[{"href":"https:\/\/lahora.mx\/index.php\/wp-json\/wp\/v2\/types\/post"}],"author":[{"embeddable":true,"href":"https:\/\/lahora.mx\/index.php\/wp-json\/wp\/v2\/users\/4"}],"replies":[{"embeddable":true,"href":"https:\/\/lahora.mx\/index.php\/wp-json\/wp\/v2\/comments?post=43759"}],"version-history":[{"count":1,"href":"https:\/\/lahora.mx\/index.php\/wp-json\/wp\/v2\/posts\/43759\/revisions"}],"predecessor-version":[{"id":43761,"href":"https:\/\/lahora.mx\/index.php\/wp-json\/wp\/v2\/posts\/43759\/revisions\/43761"}],"wp:featuredmedia":[{"embeddable":true,"href":"https:\/\/lahora.mx\/index.php\/wp-json\/wp\/v2\/media\/43760"}],"wp:attachment":[{"href":"https:\/\/lahora.mx\/index.php\/wp-json\/wp\/v2\/media?parent=43759"}],"wp:term":[{"taxonomy":"category","embeddable":true,"href":"https:\/\/lahora.mx\/index.php\/wp-json\/wp\/v2\/categories?post=43759"},{"taxonomy":"post_tag","embeddable":true,"href":"https:\/\/lahora.mx\/index.php\/wp-json\/wp\/v2\/tags?post=43759"}],"curies":[{"name":"wp","href":"https:\/\/api.w.org\/{rel}","templated":true}]}}