{"id":43743,"date":"2024-03-29T15:51:51","date_gmt":"2024-03-29T15:51:51","guid":{"rendered":"http:\/\/lahora.mx\/?p=43743"},"modified":"2024-03-29T15:51:52","modified_gmt":"2024-03-29T15:51:52","slug":"calidad-del-aire-en-puebla-en-viernes-santo-empeora","status":"publish","type":"post","link":"https:\/\/lahora.mx\/index.php\/2024\/03\/29\/calidad-del-aire-en-puebla-en-viernes-santo-empeora\/","title":{"rendered":"Calidad del aire en Puebla en Viernes Santo empeora"},"content":{"rendered":"\n<p>Con corte a las 6:00 horas de este viernes 29 de marzo, se dio a conocer que la calidad del aire en la zona metropolitana de Puebla no fue satisfactoria debido a que las part\u00edculas de PM 10 superaron los par\u00e1metros de la Norma Oficial Mexicana.<\/p>\n\n\n\n<p>La Secretar\u00eda de Medio Ambiente, Desarrollo Sustentable y Ordenamiento Territorial (SMADSOT) se\u00f1al\u00f3 que el incremento de estas part\u00edculas en el ambiente se debe a la ceniza volc\u00e1nica, la combusti\u00f3n de motores y residuos por incendios.<\/p>\n\n\n\n<p>Asimismo, mantendr\u00e1 el monitoreo permanente de las cinco estaciones de registro, as\u00ed como en los municipios de Atlixco y San Mart\u00edn Texmelucan, donde las part\u00edculas han presentado altibajos en los \u00faltimos d\u00edas debido a los incendios en la regi\u00f3n, as\u00ed como la constante ca\u00edda de ceniza.<\/p>\n\n\n\n<p>Por su parte, la Secretar\u00eda de Salud inform\u00f3 que en las \u00faltimas 24 horas se report\u00f3 la atenci\u00f3n a dos personas m\u00e1s a causa de s\u00edntomas de rinitis debido a la ceniza en el ambiente, por lo que el n\u00famero de pacientes atendidos aument\u00f3 a 117.<\/p>\n\n\n\n<p>Mientras que el Centro Nacional de Prevenci\u00f3n de Desastres (Cenapred), comparti\u00f3 que el volc\u00e1n Popocat\u00e9petl registr\u00f3 56 exhalaciones y 40 minutos de tremor en las \u00faltimas 24 horas.<\/p>\n\n\n\n<p>Adem\u00e1s, derivado de dichas exhalaciones, se present\u00f3 ca\u00edda de ceniza en los municipios de San Pedro Cholula, San Andr\u00e9s Cholula, Cuautlancingo y Puebla capital.<\/p>\n","protected":false},"excerpt":{"rendered":"<p>Con corte a las 6:00 horas de este viernes 29 de marzo, se dio a conocer que la calidad del aire en la zona metropolitana de Puebla no fue satisfactoria debido a que las part\u00edculas de PM 10 superaron los par\u00e1metros de la Norma Oficial Mexicana. La Secretar\u00eda de Medio Ambiente, Desarrollo Sustentable y Ordenamiento [&hellip;]<\/p>\n","protected":false},"author":4,"featured_media":43744,"comment_status":"open","ping_status":"open","sticky":false,"template":"","format":"standard","meta":{"om_disable_all_campaigns":false,"_monsterinsights_skip_tracking":false,"_monsterinsights_sitenote_active":false,"_monsterinsights_sitenote_note":"","_monsterinsights_sitenote_category":0,"footnotes":""},"categories":[175],"tags":[195,223],"class_list":["post-43743","post","type-post","status-publish","format-standard","has-post-thumbnail","hentry","category-local","tag-principal","tag-puebla"],"amp_enabled":true,"_links":{"self":[{"href":"https:\/\/lahora.mx\/index.php\/wp-json\/wp\/v2\/posts\/43743","targetHints":{"allow":["GET"]}}],"collection":[{"href":"https:\/\/lahora.mx\/index.php\/wp-json\/wp\/v2\/posts"}],"about":[{"href":"https:\/\/lahora.mx\/index.php\/wp-json\/wp\/v2\/types\/post"}],"author":[{"embeddable":true,"href":"https:\/\/lahora.mx\/index.php\/wp-json\/wp\/v2\/users\/4"}],"replies":[{"embeddable":true,"href":"https:\/\/lahora.mx\/index.php\/wp-json\/wp\/v2\/comments?post=43743"}],"version-history":[{"count":1,"href":"https:\/\/lahora.mx\/index.php\/wp-json\/wp\/v2\/posts\/43743\/revisions"}],"predecessor-version":[{"id":43745,"href":"https:\/\/lahora.mx\/index.php\/wp-json\/wp\/v2\/posts\/43743\/revisions\/43745"}],"wp:featuredmedia":[{"embeddable":true,"href":"https:\/\/lahora.mx\/index.php\/wp-json\/wp\/v2\/media\/43744"}],"wp:attachment":[{"href":"https:\/\/lahora.mx\/index.php\/wp-json\/wp\/v2\/media?parent=43743"}],"wp:term":[{"taxonomy":"category","embeddable":true,"href":"https:\/\/lahora.mx\/index.php\/wp-json\/wp\/v2\/categories?post=43743"},{"taxonomy":"post_tag","embeddable":true,"href":"https:\/\/lahora.mx\/index.php\/wp-json\/wp\/v2\/tags?post=43743"}],"curies":[{"name":"wp","href":"https:\/\/api.w.org\/{rel}","templated":true}]}}