{"id":43734,"date":"2024-03-29T03:47:42","date_gmt":"2024-03-29T03:47:42","guid":{"rendered":"http:\/\/lahora.mx\/?p=43734"},"modified":"2024-03-29T03:47:42","modified_gmt":"2024-03-29T03:47:42","slug":"operativa-barredora-detras-de-levanton-de-colombiano-y-asesinato-de-expolicia","status":"publish","type":"post","link":"https:\/\/lahora.mx\/index.php\/2024\/03\/29\/operativa-barredora-detras-de-levanton-de-colombiano-y-asesinato-de-expolicia\/","title":{"rendered":"\u201cOperativa Barredora\u201d, detr\u00e1s de levant\u00f3n de colombiano y asesinato de expolic\u00eda"},"content":{"rendered":"\n<p>El levant\u00f3n de un prestamista de origen colombiano en la junta auxiliar poblana de Zaragoza y el asesinato del exmando de la Polic\u00eda Estatal el martes, estar\u00edan relacionados. En ambos casos los responsables ser\u00edan presuntos integrantes del grupo denominado \u201cLa Operativa Barredora\u201d.<\/p>\n\n\n\n<p>Fuentes policiacas informaron que integrantes de este grupo delictivo, escisi\u00f3n del CJNG, estar\u00edan detr\u00e1s de estos hechos violentos, ocurridos el martes y mi\u00e9rcoles por la tarde.<\/p>\n\n\n\n<p>\u00bfC\u00f3mo se relaciona el asesinato de Ad\u00e1n con el levant\u00f3n de \u201cEl Kevin\u201d?<br>Despu\u00e9s de que fue asesinado el exmando de la Polic\u00eda Estatal de Puebla, Ad\u00e1n M, la noche del martes en el estacionamiento de Periplaza, se filtr\u00f3 en redes sociales el video de una c\u00e1mara de seguridad de este centro comercial, que capt\u00f3 tanto la camioneta en la que fue privado de la libertad por unos minutos el exfuncionario, as\u00ed como el n\u00famero de sicarios que participaron en su ejecuci\u00f3n.<\/p>\n\n\n\n<p>Con el video se aprecia c\u00f3mo minutos antes de que arribara el comando a dicho centro comercial, Ad\u00e1n M estaba siendo retenido por dos sujetos, con los cuales forcejeaba para que lo dejaran libre.<\/p>\n\n\n\n<p>Ad\u00e1n no logr\u00f3 escapar de ellos y acto seguido lleg\u00f3 la camioneta Honda CRV, de donde descendieron varios sujetos con armas largas y ropa oscura.<\/p>\n\n\n\n<p>Ah\u00ed, tras varios intentos, lograron subir a la unidad al exmando y le dispararon, despu\u00e9s lo bajaron cargando al estacionamiento, donde volvieron a abrir fuego para rematarlo y darse a la fuga.<\/p>\n\n\n\n<p>De ah\u00ed inici\u00f3 la persecuci\u00f3n policiaca, la cual deriv\u00f3 una fuerte balacera en la que cuatro polic\u00edas resultaron lesionados, dos de ellos de gravedad.<\/p>\n\n\n\n<p>Te puede interesar:<\/p>\n\n\n\n<p>Ejecuci\u00f3n en Periplaza: al menos uno de los sicarios result\u00f3 herido<\/p>\n\n\n\n<p>flecha derecha<\/p>\n\n\n\n<p>Levantan a colombiano en Zaragoza<br>El mi\u00e9rcoles, al filo de las 17 horas, en la junta auxiliar Zaragoza, justo en un domicilio que se encuentra a un costado del OXXO sobre la 32 Sur, un comando a bordo de una camioneta color gris Oxford se llev\u00f3 privado de la libertad a un hombre apodado \u201cEl Kevin\u201d, quien hasta ahora no ha sido localizado.<\/p>\n\n\n\n<p>Fuentes policiales informaron que este sujeto, de nacionalidad colombiana, se encontraba en dicha vivienda ofreciendo pr\u00e9stamos, debido a que aparentemente se dedica a los prestamos \u201cgota a gota\u201d en esta junta auxiliar.<\/p>\n\n\n\n<p>Fue ah\u00ed donde sujetos con armas largas sorprendieron al var\u00f3n y despu\u00e9s de forcejear lo subieron a la fuerza a la camioneta para despu\u00e9s darse a la fuga.<\/p>\n\n\n\n<p>La relaci\u00f3n de ambos casos es que los responsables ser\u00edan integrantes de este grupo delictivo, pues adem\u00e1s a principios de marzo fueron abandonados tres cuerpos en la carretera camino a Santa Cruz Alpuyeca con un mensaje de advertencia supuestamente firmado por ellos en los que advirti\u00f3 una \u201climpia\u201d para acabar con los prestamistas \u201cgota a gota\u201d de nacionalidad extranjera.<\/p>\n","protected":false},"excerpt":{"rendered":"<p>El levant\u00f3n de un prestamista de origen colombiano en la junta auxiliar poblana de Zaragoza y el asesinato del exmando de la Polic\u00eda Estatal el martes, estar\u00edan relacionados. En ambos casos los responsables ser\u00edan presuntos integrantes del grupo denominado \u201cLa Operativa Barredora\u201d. Fuentes policiacas informaron que integrantes de este grupo delictivo, escisi\u00f3n del CJNG, estar\u00edan [&hellip;]<\/p>\n","protected":false},"author":4,"featured_media":43735,"comment_status":"open","ping_status":"open","sticky":false,"template":"","format":"standard","meta":{"om_disable_all_campaigns":false,"_monsterinsights_skip_tracking":false,"_monsterinsights_sitenote_active":false,"_monsterinsights_sitenote_note":"","_monsterinsights_sitenote_category":0,"footnotes":""},"categories":[175],"tags":[195,223],"class_list":["post-43734","post","type-post","status-publish","format-standard","has-post-thumbnail","hentry","category-local","tag-principal","tag-puebla"],"amp_enabled":true,"_links":{"self":[{"href":"https:\/\/lahora.mx\/index.php\/wp-json\/wp\/v2\/posts\/43734","targetHints":{"allow":["GET"]}}],"collection":[{"href":"https:\/\/lahora.mx\/index.php\/wp-json\/wp\/v2\/posts"}],"about":[{"href":"https:\/\/lahora.mx\/index.php\/wp-json\/wp\/v2\/types\/post"}],"author":[{"embeddable":true,"href":"https:\/\/lahora.mx\/index.php\/wp-json\/wp\/v2\/users\/4"}],"replies":[{"embeddable":true,"href":"https:\/\/lahora.mx\/index.php\/wp-json\/wp\/v2\/comments?post=43734"}],"version-history":[{"count":1,"href":"https:\/\/lahora.mx\/index.php\/wp-json\/wp\/v2\/posts\/43734\/revisions"}],"predecessor-version":[{"id":43736,"href":"https:\/\/lahora.mx\/index.php\/wp-json\/wp\/v2\/posts\/43734\/revisions\/43736"}],"wp:featuredmedia":[{"embeddable":true,"href":"https:\/\/lahora.mx\/index.php\/wp-json\/wp\/v2\/media\/43735"}],"wp:attachment":[{"href":"https:\/\/lahora.mx\/index.php\/wp-json\/wp\/v2\/media?parent=43734"}],"wp:term":[{"taxonomy":"category","embeddable":true,"href":"https:\/\/lahora.mx\/index.php\/wp-json\/wp\/v2\/categories?post=43734"},{"taxonomy":"post_tag","embeddable":true,"href":"https:\/\/lahora.mx\/index.php\/wp-json\/wp\/v2\/tags?post=43734"}],"curies":[{"name":"wp","href":"https:\/\/api.w.org\/{rel}","templated":true}]}}