{"id":43728,"date":"2024-03-29T02:59:06","date_gmt":"2024-03-29T02:59:06","guid":{"rendered":"http:\/\/lahora.mx\/?p=43728"},"modified":"2024-03-29T02:59:07","modified_gmt":"2024-03-29T02:59:07","slug":"aumentan-los-ateos-en-puebla-mas-de-400-mil-poblanos-dejaron-de-ser-catolicos","status":"publish","type":"post","link":"https:\/\/lahora.mx\/index.php\/2024\/03\/29\/aumentan-los-ateos-en-puebla-mas-de-400-mil-poblanos-dejaron-de-ser-catolicos\/","title":{"rendered":"Aumentan los ateos en Puebla m\u00e1s de 400 mil poblanos dejaron de ser cat\u00f3licos"},"content":{"rendered":"\n<p>El culto a la religi\u00f3n cat\u00f3lica disminuy\u00f3 en Puebla en 10 a\u00f1os, ya que 442 mil 219 poblanos perdieron la fe y dejaron de sentirse identificados con dicha creencia; de acuerdo con datos del \u00faltimo Censo de Poblaci\u00f3n y Vivienda del Instituto Nacional de Estad\u00edstica y Geograf\u00eda (INEGI).<\/p>\n\n\n\n<p>Por otro lado, el n\u00famero de poblanos que no profesan ninguna religi\u00f3n aument\u00f3, ya que en 2010 el INEGI contabiliz\u00f3 a 104 mil 271 personas sin alguna creencia espiritual, pero para 2020 registr\u00f3 a 211 mil 356.<\/p>\n\n\n\n<p>Baja n\u00famero de cat\u00f3licos poblanos<br>En 2010 el INEGI report\u00f3 que 5 millones 779 mil 829 viv\u00edan en Puebla, pero de dicha cantidad el 88.28 por ciento profesaban el catolicismo y, por ende, estaban de acuerdo con las ense\u00f1anzas morales basadas en la Biblia.<\/p>\n\n\n\n<p>Para 2020, Puebla cont\u00f3 con 6 millones 583 mil 278 poblanos, lo cual implica un crecimiento del 13 por ciento en comparaci\u00f3n con la cifra de 2010.<\/p>\n\n\n\n<p>Sin embargo, mientras la cifra de poblanos creci\u00f3 en diez a\u00f1os, el n\u00famero de la feligres\u00eda cat\u00f3lica baj\u00f3. Lo anterior se traduce en que el 88.28 por ciento de la poblaci\u00f3n de 2010 practicaba la fe cat\u00f3lica, pero para 2020 la cifra baj\u00f3 un 4 por ciento.<\/p>\n\n\n\n<p>Puebla, con la procesi\u00f3n m\u00e1s grande de Latinoam\u00e9rica<br>Ahora bien, este viernes 29 de marzo se realizar\u00e1 la procesi\u00f3n de Viernes Santo en Puebla, considerada como la m\u00e1s grande de Latinoam\u00e9rica, en la que el Ayuntamiento de Puebla espera una afluencia superior a los 160 mil acompa\u00f1antes.<\/p>\n\n\n\n<p>El recorrido de la procesi\u00f3n de Viernes Santo comenzar\u00e1 a las 12:00 horas en la Catedral de Puebla, donde el arzobispo V\u00edctor S\u00e1nchez Espinoza dar\u00e1 una reflexi\u00f3n religiosa antes de comenzar con la actividad cat\u00f3lica.<\/p>\n\n\n\n<p>Se espera que la procesi\u00f3n de Viernes Santo termine a las 15:00 horas en el atrio de la Catedral, donde el arzobispo dar\u00e1 la \u00faltima reflexi\u00f3n para concluir la festividad religiosa en la que poblanos recorren las calles al lado de siete im\u00e1genes religiosas.<\/p>\n\n\n\n<p>Religiones que se profesan en Puebla<br>Pese a que el catolicismo sigue siendo la creencia m\u00e1s popular en Puebla, el INEGI report\u00f3 en su \u00faltimo Censo de Poblaci\u00f3n y Vivienda que los poblanos tambi\u00e9n profesan 19 religiones m\u00e1s.<\/p>\n\n\n\n<p>De los 6 millones 583 mil poblanos que contabiliz\u00f3 el INEGI para 2020, \u00fanicamente 255 mil 640 personas aseveraron que son cristianos, lo cual significa que es la segunda religi\u00f3n m\u00e1s popular en Puebla.<\/p>\n\n\n\n<p>La tercera creencia con m\u00e1s arraigo en Puebla le pertenece a los evangelistas, con 130 mil 646 creyentes en la entidad, mientras que la cuarta religi\u00f3n le corresponde a la iglesia evang\u00e9lica con 130 mil 646 personas.<\/p>\n\n\n\n<p>La quinta religi\u00f3n con m\u00e1s fieles son los testigos de Jehov\u00e1 con 66 mil 337 creyentes, de acuerdo a informaci\u00f3n del INEGI.<\/p>\n\n\n\n<p>Las dem\u00e1s religiones que se profesan en Puebla, de acuerdo con la clasificaci\u00f3n del INEGI, son las que pertenecen a la iglesia bautista, presbiteriana, la Luz del Mundo, Adventista del S\u00e9ptimo D\u00eda, Iglesia de Jesucristo de los Santos de los \u00daltimos D\u00edas, pentecostal, protestante, jud\u00eda, isl\u00e1mica, oriental, New Age y escuelas esot\u00e9ricas, ra\u00edces \u00e9tnicas, ra\u00edces afro, espiritualista y cultos populares.<\/p>\n","protected":false},"excerpt":{"rendered":"<p>El culto a la religi\u00f3n cat\u00f3lica disminuy\u00f3 en Puebla en 10 a\u00f1os, ya que 442 mil 219 poblanos perdieron la fe y dejaron de sentirse identificados con dicha creencia; de acuerdo con datos del \u00faltimo Censo de Poblaci\u00f3n y Vivienda del Instituto Nacional de Estad\u00edstica y Geograf\u00eda (INEGI). Por otro lado, el n\u00famero de poblanos [&hellip;]<\/p>\n","protected":false},"author":4,"featured_media":43729,"comment_status":"open","ping_status":"open","sticky":false,"template":"","format":"standard","meta":{"om_disable_all_campaigns":false,"_monsterinsights_skip_tracking":false,"_monsterinsights_sitenote_active":false,"_monsterinsights_sitenote_note":"","_monsterinsights_sitenote_category":0,"footnotes":""},"categories":[175],"tags":[223],"class_list":["post-43728","post","type-post","status-publish","format-standard","has-post-thumbnail","hentry","category-local","tag-puebla"],"amp_enabled":true,"_links":{"self":[{"href":"https:\/\/lahora.mx\/index.php\/wp-json\/wp\/v2\/posts\/43728","targetHints":{"allow":["GET"]}}],"collection":[{"href":"https:\/\/lahora.mx\/index.php\/wp-json\/wp\/v2\/posts"}],"about":[{"href":"https:\/\/lahora.mx\/index.php\/wp-json\/wp\/v2\/types\/post"}],"author":[{"embeddable":true,"href":"https:\/\/lahora.mx\/index.php\/wp-json\/wp\/v2\/users\/4"}],"replies":[{"embeddable":true,"href":"https:\/\/lahora.mx\/index.php\/wp-json\/wp\/v2\/comments?post=43728"}],"version-history":[{"count":1,"href":"https:\/\/lahora.mx\/index.php\/wp-json\/wp\/v2\/posts\/43728\/revisions"}],"predecessor-version":[{"id":43730,"href":"https:\/\/lahora.mx\/index.php\/wp-json\/wp\/v2\/posts\/43728\/revisions\/43730"}],"wp:featuredmedia":[{"embeddable":true,"href":"https:\/\/lahora.mx\/index.php\/wp-json\/wp\/v2\/media\/43729"}],"wp:attachment":[{"href":"https:\/\/lahora.mx\/index.php\/wp-json\/wp\/v2\/media?parent=43728"}],"wp:term":[{"taxonomy":"category","embeddable":true,"href":"https:\/\/lahora.mx\/index.php\/wp-json\/wp\/v2\/categories?post=43728"},{"taxonomy":"post_tag","embeddable":true,"href":"https:\/\/lahora.mx\/index.php\/wp-json\/wp\/v2\/tags?post=43728"}],"curies":[{"name":"wp","href":"https:\/\/api.w.org\/{rel}","templated":true}]}}