{"id":43668,"date":"2024-03-28T16:50:23","date_gmt":"2024-03-28T16:50:23","guid":{"rendered":"http:\/\/lahora.mx\/?p=43668"},"modified":"2024-03-28T16:50:24","modified_gmt":"2024-03-28T16:50:24","slug":"calidad-del-aire-en-puebla-empeora","status":"publish","type":"post","link":"https:\/\/lahora.mx\/index.php\/2024\/03\/28\/calidad-del-aire-en-puebla-empeora\/","title":{"rendered":"Calidad del aire en Puebla empeora"},"content":{"rendered":"\n<p>El gobierno de Puebla dio a conocer que, al corte de las 6:00 horas de este jueves 28 de marzo, se registr\u00f3 un incremento en los niveles de part\u00edculas PM 10, lo que empeor\u00f3 la calidad del aire en la zona metropolitana de Puebla.<\/p>\n\n\n\n<p>Este aumento tambi\u00e9n se report\u00f3 en Atlixco y San Mart\u00edn Texmelucan, de acuerdo con la Secretar\u00eda de Medio Ambiente, Desarrollo Sustentable y Ordenamiento Territorial (SMADSOT), por lo que se inform\u00f3 que a trav\u00e9s de la Red Estatal de Monitoreo Atmosf\u00e9rico (REMA) se continuar\u00e1 la medici\u00f3n de la calidad del aire para conocer las modificaciones en los par\u00e1metros analizados.<\/p>\n\n\n\n<p>Asimismo, se confirm\u00f3 la ca\u00edda de ceniza del volc\u00e1n Popocat\u00e9petl en las \u00faltimas 24 horas en los municipios de Calpan, San Pedro Cholula, San Andr\u00e9s Cholula y Cuautlancingo, as\u00ed como la capital poblana.<\/p>\n\n\n\n<p>De acuerdo con el De acuerdo con el Centro Nacional de Prevenci\u00f3n de Desastres (Cenapred), en las \u00faltimas 24 horas se registraron 20 exhalaciones y 120 minutos de tremor, por lo que el sem\u00e1foro de alerta volc\u00e1nica se mantuvo en amarillo Fase 2.<\/p>\n\n\n\n<p>La ca\u00edda de ceniza, sumada a la serie de incendios urbanos y forestales que se han registrado en el estado en los \u00faltimos d\u00edas, han ocasionado que la calidad del aire en Puebla se vea deteriorada en los \u00faltimos d\u00edas.<\/p>\n\n\n\n<p>Por su parte, la Secretar\u00eda de Salud inform\u00f3 que el n\u00famero de pacientes que han sido atendidos por presentar una rinitis causada por la ca\u00edda de ceniza se mantiene en 115 por segundo d\u00eda consecutivo, luego de que no se reportaran nuevos casos atendidos.<\/p>\n","protected":false},"excerpt":{"rendered":"<p>El gobierno de Puebla dio a conocer que, al corte de las 6:00 horas de este jueves 28 de marzo, se registr\u00f3 un incremento en los niveles de part\u00edculas PM 10, lo que empeor\u00f3 la calidad del aire en la zona metropolitana de Puebla. Este aumento tambi\u00e9n se report\u00f3 en Atlixco y San Mart\u00edn Texmelucan, [&hellip;]<\/p>\n","protected":false},"author":4,"featured_media":43669,"comment_status":"open","ping_status":"open","sticky":false,"template":"","format":"standard","meta":{"om_disable_all_campaigns":false,"_monsterinsights_skip_tracking":false,"_monsterinsights_sitenote_active":false,"_monsterinsights_sitenote_note":"","_monsterinsights_sitenote_category":0,"footnotes":""},"categories":[175],"tags":[195,223],"class_list":["post-43668","post","type-post","status-publish","format-standard","has-post-thumbnail","hentry","category-local","tag-principal","tag-puebla"],"amp_enabled":true,"_links":{"self":[{"href":"https:\/\/lahora.mx\/index.php\/wp-json\/wp\/v2\/posts\/43668","targetHints":{"allow":["GET"]}}],"collection":[{"href":"https:\/\/lahora.mx\/index.php\/wp-json\/wp\/v2\/posts"}],"about":[{"href":"https:\/\/lahora.mx\/index.php\/wp-json\/wp\/v2\/types\/post"}],"author":[{"embeddable":true,"href":"https:\/\/lahora.mx\/index.php\/wp-json\/wp\/v2\/users\/4"}],"replies":[{"embeddable":true,"href":"https:\/\/lahora.mx\/index.php\/wp-json\/wp\/v2\/comments?post=43668"}],"version-history":[{"count":1,"href":"https:\/\/lahora.mx\/index.php\/wp-json\/wp\/v2\/posts\/43668\/revisions"}],"predecessor-version":[{"id":43670,"href":"https:\/\/lahora.mx\/index.php\/wp-json\/wp\/v2\/posts\/43668\/revisions\/43670"}],"wp:featuredmedia":[{"embeddable":true,"href":"https:\/\/lahora.mx\/index.php\/wp-json\/wp\/v2\/media\/43669"}],"wp:attachment":[{"href":"https:\/\/lahora.mx\/index.php\/wp-json\/wp\/v2\/media?parent=43668"}],"wp:term":[{"taxonomy":"category","embeddable":true,"href":"https:\/\/lahora.mx\/index.php\/wp-json\/wp\/v2\/categories?post=43668"},{"taxonomy":"post_tag","embeddable":true,"href":"https:\/\/lahora.mx\/index.php\/wp-json\/wp\/v2\/tags?post=43668"}],"curies":[{"name":"wp","href":"https:\/\/api.w.org\/{rel}","templated":true}]}}