{"id":43572,"date":"2024-03-26T20:41:50","date_gmt":"2024-03-26T20:41:50","guid":{"rendered":"http:\/\/lahora.mx\/?p=43572"},"modified":"2024-03-26T20:41:50","modified_gmt":"2024-03-26T20:41:50","slug":"procesion-de-viernes-santo-sera-este-29-de-marzo","status":"publish","type":"post","link":"https:\/\/lahora.mx\/index.php\/2024\/03\/26\/procesion-de-viernes-santo-sera-este-29-de-marzo\/","title":{"rendered":"Procesi\u00f3n de Viernes Santo ser\u00e1 este 29 de marzo"},"content":{"rendered":"\n<p class=\"wp-block-paragraph\">El pr\u00f3ximo viernes 29 de marzo de 2024 se realizar\u00e1 la tradicional Procesi\u00f3n de Viernes Santo en la ciudad de Puebla, en la que se espera la participaci\u00f3n de m\u00e1s de 160 mil personas y que ser\u00e1 encabezada por el arzobispo V\u00edctor S\u00e1nchez Espinosa.<\/p>\n\n\n\n<p class=\"wp-block-paragraph\">En rueda de prensa, el presidente del Comit\u00e9 Organizador de la Procesi\u00f3n de Viernes, Carlos Mart\u00ednez Cruz, record\u00f3 que ser\u00e1n siete las im\u00e1genes que participar\u00e1n en el recorrido.<\/p>\n\n\n\n<p class=\"wp-block-paragraph\">Explic\u00f3 que las im\u00e1genes religiosas ser\u00e1n trasladadas con sus cortejos desde los templos donde se encuentran ubicados, para recibirlas entre las 11:00 y las 11:45 horas en el atrio de la catedral, con el fin de iniciar la procesi\u00f3n a las 12:00 horas.<\/p>\n\n\n\n<p class=\"wp-block-paragraph\">Mart\u00ednez Cruz indic\u00f3 que las im\u00e1genes saldr\u00e1n de la explanada de la Catedral de Puebla a partir de las 12:00 horas, para despu\u00e9s recorrer las principales calles del primer cuadro de la ciudad.<\/p>\n\n\n\n<p class=\"wp-block-paragraph\">\u00bfQu\u00e9 im\u00e1genes van a procesionar?<br>La Virgen de la Soledad -Templo de la Soledad<br>Virgen de los Dolores -Templo del Carmen<br>El Se\u00f1or de las Maravillas -Templo de Santa M\u00f3nica<br>Jes\u00fas de Nazaret \u2013 Parroquia de San Jos\u00e9<br>El Se\u00f1or de las Tres Ca\u00eddas -Parroquia Santo \u00c1ngel Custodio de Analco<br>Jes\u00fas de la Misericordia \u2013 Templo de la Compa\u00f1\u00eda<br>El Santo Ni\u00f1o Doctor -Del Santuario de Tepeaca<\/p>\n\n\n\n<p class=\"wp-block-paragraph\">Este ser\u00e1 el recorrido de la procesi\u00f3n<br>El recorrido iniciar\u00e1 en la catedral, del lado de la calle 16 de Septiembre, donde el arzobispo V\u00edctor S\u00e1nchez Espinosa dar\u00e1 la primera reflexi\u00f3n.<\/p>\n\n\n\n<p class=\"wp-block-paragraph\">Despu\u00e9s, los asistentes caminar\u00e1n con direcci\u00f3n a Juan de Palafox y Mendoza hasta llegar a la 2 Norte y doblar\u00e1n hasta llegar a la 4 Oriente-Poniente con rumbo a la 11 Norte, en donde se llevar\u00e1 a cabo la segunda reflexi\u00f3n.<\/p>\n\n\n\n<p class=\"wp-block-paragraph\">Al terminar, la procesi\u00f3n bajar\u00e1 por la Avenida Reforma y llegar\u00e1 nuevamente a la 16 de Septiembre, para que las im\u00e1genes ingresen al atrio de la catedral y se realic\u00e9 la \u00faltima reflexi\u00f3n a las 15:00 horas.<\/p>\n","protected":false},"excerpt":{"rendered":"<p>El pr\u00f3ximo viernes 29 de marzo de 2024 se realizar\u00e1 la tradicional Procesi\u00f3n de Viernes Santo en la ciudad de Puebla, en la que se espera la participaci\u00f3n de m\u00e1s de 160 mil personas y que ser\u00e1 encabezada por el arzobispo V\u00edctor S\u00e1nchez Espinosa. En rueda de prensa, el presidente del Comit\u00e9 Organizador de la [&hellip;]<\/p>\n","protected":false},"author":4,"featured_media":43573,"comment_status":"open","ping_status":"open","sticky":false,"template":"","format":"standard","meta":{"om_disable_all_campaigns":false,"_monsterinsights_skip_tracking":false,"_monsterinsights_sitenote_active":false,"_monsterinsights_sitenote_note":"","_monsterinsights_sitenote_category":0,"footnotes":""},"categories":[175],"tags":[223],"class_list":["post-43572","post","type-post","status-publish","format-standard","has-post-thumbnail","hentry","category-local","tag-puebla"],"amp_enabled":true,"_links":{"self":[{"href":"https:\/\/lahora.mx\/index.php\/wp-json\/wp\/v2\/posts\/43572","targetHints":{"allow":["GET"]}}],"collection":[{"href":"https:\/\/lahora.mx\/index.php\/wp-json\/wp\/v2\/posts"}],"about":[{"href":"https:\/\/lahora.mx\/index.php\/wp-json\/wp\/v2\/types\/post"}],"author":[{"embeddable":true,"href":"https:\/\/lahora.mx\/index.php\/wp-json\/wp\/v2\/users\/4"}],"replies":[{"embeddable":true,"href":"https:\/\/lahora.mx\/index.php\/wp-json\/wp\/v2\/comments?post=43572"}],"version-history":[{"count":1,"href":"https:\/\/lahora.mx\/index.php\/wp-json\/wp\/v2\/posts\/43572\/revisions"}],"predecessor-version":[{"id":43574,"href":"https:\/\/lahora.mx\/index.php\/wp-json\/wp\/v2\/posts\/43572\/revisions\/43574"}],"wp:featuredmedia":[{"embeddable":true,"href":"https:\/\/lahora.mx\/index.php\/wp-json\/wp\/v2\/media\/43573"}],"wp:attachment":[{"href":"https:\/\/lahora.mx\/index.php\/wp-json\/wp\/v2\/media?parent=43572"}],"wp:term":[{"taxonomy":"category","embeddable":true,"href":"https:\/\/lahora.mx\/index.php\/wp-json\/wp\/v2\/categories?post=43572"},{"taxonomy":"post_tag","embeddable":true,"href":"https:\/\/lahora.mx\/index.php\/wp-json\/wp\/v2\/tags?post=43572"}],"curies":[{"name":"wp","href":"https:\/\/api.w.org\/{rel}","templated":true}]}}