{"id":43499,"date":"2024-03-25T01:37:45","date_gmt":"2024-03-25T01:37:45","guid":{"rendered":"http:\/\/lahora.mx\/?p=43499"},"modified":"2024-03-25T01:37:45","modified_gmt":"2024-03-25T01:37:45","slug":"iglesia-catolica-condena-actos-de-violencia-politica-en-puebla","status":"publish","type":"post","link":"https:\/\/lahora.mx\/index.php\/2024\/03\/25\/iglesia-catolica-condena-actos-de-violencia-politica-en-puebla\/","title":{"rendered":"Iglesia Cat\u00f3lica condena actos de violencia pol\u00edtica en Puebla"},"content":{"rendered":"\n<p>Durante el Domingo de Ramos, la iglesia Cat\u00f3lica conden\u00f3 los actos de violencia ocurridos este fin de semana en Puebla donde se cobr\u00f3 la vida de dos actores de la pol\u00edtica; Jaime Gonz\u00e1lez P\u00e9rez, candidato a la presidencia municipal de Acatzingo y el hallazgo sin vida del exdiputado de Tehuac\u00e1n, Ignacio Garc\u00eda de la Cadena Romero.<\/p>\n\n\n\n<p>Este 24 de marzo, Tom\u00e1s L\u00f3pez Dur\u00e1n y el obispo auxiliar, Francisco Javier Mart\u00ednez Castillo, encabezaron la Procesi\u00f3n de las Palmas, conocida como Procesi\u00f3n de Domingo de Ramos en el atrio de la Catedral, momento que para la fe cat\u00f3lica conmemora la entrada del Se\u00f1or en Jerusal\u00e9n, y que inicia las tradicionales celebraciones de la pasi\u00f3n, muerte y resurrecci\u00f3n de Jes\u00fas en esta Semana Santa con el Jueves Santo, Viernes Santo, y el Domingo de Pascua.<\/p>\n\n\n\n<p>El recorrido comenz\u00f3 en la Capilla del Sagrario, ubicada en la esquina de la 3 Oriente y la 2 Sur, y continu\u00f3 por el atrio de la Catedral ante decenas de fieles cat\u00f3licos que esperaban la bendici\u00f3n de sus palmas.<\/p>\n\n\n\n<p>Durante la misa dominical en Catedral de Puebla, el obispo auxiliar, Tom\u00e1s L\u00f3pez dijo que es hora de intensificar la oraci\u00f3n por los que fallecieron y por las personas que se est\u00e1n aprovechando de la justicia con recurso a la violencia para eliminar personas.<\/p>\n\n\n\n<p>\u201cPor el descanso eterno de Jaime Gonz\u00e1les P\u00e9rez (candidato de Acatzingo) e Ignacio Garc\u00eda de la Cadena (exdiputado) y de todos los que han muerto en tu misericordia, adm\u00edtelos a contemplar la luz de tu rostro\u201d, dijo durante la homil\u00eda.<\/p>\n\n\n\n<p>A su vez, el obispo Mart\u00ednez Castillo lament\u00f3 lo sucedido y dijo que los ciudadanos y pol\u00edticos est\u00e1n en riesgo en cualquier lugar.<\/p>\n\n\n\n<p>En entrevista, coment\u00f3 que estos actos no son parte de la formaci\u00f3n respecto a una sociedad libre, por ello invit\u00f3 desde cada trinchera a recapacitar de los actos y buscar lo que sale del coraz\u00f3n.<\/p>\n\n\n\n<p>\u201cLa violencia nunca va a ser el camino, Dios nos ha dado muchas facultades, la inteligencia y la capacidad, el di\u00e1logo y la fraternidad siempre ser\u00e1n otros los caminos a trav\u00e9s de los cuales podamos resolver las distintas circunstancias que vivimos como personas, nunca la violencia ser\u00e1 el camino\u201d, expres\u00f3.<\/p>\n","protected":false},"excerpt":{"rendered":"<p>Durante el Domingo de Ramos, la iglesia Cat\u00f3lica conden\u00f3 los actos de violencia ocurridos este fin de semana en Puebla donde se cobr\u00f3 la vida de dos actores de la pol\u00edtica; Jaime Gonz\u00e1lez P\u00e9rez, candidato a la presidencia municipal de Acatzingo y el hallazgo sin vida del exdiputado de Tehuac\u00e1n, Ignacio Garc\u00eda de la Cadena [&hellip;]<\/p>\n","protected":false},"author":4,"featured_media":43500,"comment_status":"open","ping_status":"open","sticky":false,"template":"","format":"standard","meta":{"om_disable_all_campaigns":false,"_monsterinsights_skip_tracking":false,"_monsterinsights_sitenote_active":false,"_monsterinsights_sitenote_note":"","_monsterinsights_sitenote_category":0,"footnotes":""},"categories":[175],"tags":[223],"class_list":["post-43499","post","type-post","status-publish","format-standard","has-post-thumbnail","hentry","category-local","tag-puebla"],"amp_enabled":true,"_links":{"self":[{"href":"https:\/\/lahora.mx\/index.php\/wp-json\/wp\/v2\/posts\/43499","targetHints":{"allow":["GET"]}}],"collection":[{"href":"https:\/\/lahora.mx\/index.php\/wp-json\/wp\/v2\/posts"}],"about":[{"href":"https:\/\/lahora.mx\/index.php\/wp-json\/wp\/v2\/types\/post"}],"author":[{"embeddable":true,"href":"https:\/\/lahora.mx\/index.php\/wp-json\/wp\/v2\/users\/4"}],"replies":[{"embeddable":true,"href":"https:\/\/lahora.mx\/index.php\/wp-json\/wp\/v2\/comments?post=43499"}],"version-history":[{"count":1,"href":"https:\/\/lahora.mx\/index.php\/wp-json\/wp\/v2\/posts\/43499\/revisions"}],"predecessor-version":[{"id":43501,"href":"https:\/\/lahora.mx\/index.php\/wp-json\/wp\/v2\/posts\/43499\/revisions\/43501"}],"wp:featuredmedia":[{"embeddable":true,"href":"https:\/\/lahora.mx\/index.php\/wp-json\/wp\/v2\/media\/43500"}],"wp:attachment":[{"href":"https:\/\/lahora.mx\/index.php\/wp-json\/wp\/v2\/media?parent=43499"}],"wp:term":[{"taxonomy":"category","embeddable":true,"href":"https:\/\/lahora.mx\/index.php\/wp-json\/wp\/v2\/categories?post=43499"},{"taxonomy":"post_tag","embeddable":true,"href":"https:\/\/lahora.mx\/index.php\/wp-json\/wp\/v2\/tags?post=43499"}],"curies":[{"name":"wp","href":"https:\/\/api.w.org\/{rel}","templated":true}]}}