{"id":43493,"date":"2024-03-24T19:29:41","date_gmt":"2024-03-24T19:29:41","guid":{"rendered":"http:\/\/lahora.mx\/?p=43493"},"modified":"2024-03-24T19:29:41","modified_gmt":"2024-03-24T19:29:41","slug":"exhorta-ine-puebla-a-autoridades-aplicar-protocolos-de-seguridad-a-candidatos","status":"publish","type":"post","link":"https:\/\/lahora.mx\/index.php\/2024\/03\/24\/exhorta-ine-puebla-a-autoridades-aplicar-protocolos-de-seguridad-a-candidatos\/","title":{"rendered":"Exhorta INE Puebla a autoridades aplicar protocolos de seguridad a candidatos"},"content":{"rendered":"\n<p>Ante el crimen del candidato del partido Movimiento Regeneraci\u00f3n Nacional (Morena) Jaime Gonz\u00e1lez P\u00e9rez, el consejero presidente del Instituto Nacional Electoral (INE) en Puebla, Edgar Arias Alba, hizo un exhorto a las autoridades de gobierno a que garanticen la seguridad.<\/p>\n\n\n\n<p>Entrevistado durante la rodada \u201cPedalea por la democracia\u201d, reprob\u00f3 el asesinato del candidato a presidente municipal de Acatzingo, por lo que pidi\u00f3 la seguridad de quienes participan en la contienda electoral.<\/p>\n\n\n\n<p>Consider\u00f3 que a pesar del crimen en Puebla, no hay necesidad de alertar a la poblaci\u00f3n, al se\u00f1alar que las autoridades ya est\u00e1n conscientes de la gravedad de lo que ocurri\u00f3.<\/p>\n\n\n\n<p>\u201cEn el INE lamentamos, reprobamos absolutamente ese atroz acontecimiento, nos permitimos expresar nuestra solidaridad y p\u00e9same a la familia y a los amigos\u201d, se\u00f1al\u00f3.<\/p>\n\n\n\n<p>\u201cUn exhorto una vez m\u00e1s a las autoridades de todos los niveles de gobierno a que garanticen la seguridad de todos los que est\u00e1n leg\u00edtimamente en uso de sus derechos participando en la elecci\u00f3n bajo las diversas candidaturas\u201d. asever\u00f3.<\/p>\n\n\n\n<p>Se\u00f1al\u00f3 que deben estar alertas las autoridades sobre lo que pasa en torno a las candidatas y candidatos en el proceso local e hizo votos porque una situaci\u00f3n as\u00ed no vuelva a ocurrir.<\/p>\n\n\n\n<p>Insisti\u00f3 que evitar otro homicidio de alg\u00fan aspirante a un cargo de elecci\u00f3n popular depende de que se apliquen todos los protocolos.<\/p>\n\n\n\n<p>Incluso mencion\u00f3 que hay un convenio vigente con la Secretar\u00eda de la Defensa Nacional y la Secretar\u00eda de Seguridad y Protecci\u00f3n Ciudadana para otorgar protecci\u00f3n a los candidatos.<\/p>\n\n\n\n<p>El lunes 1 de abril cuando habr\u00e1 reuni\u00f3n en la mesa con la Secretar\u00eda de Gobernaci\u00f3n y el Instituto Electoral del Estado (IEE), revel\u00f3.<\/p>\n\n\n\n<p>En la junta adem\u00e1s de otros temas, abordar\u00e1n la seguridad y gobernabilidad durante los comicios para plantearles las situaciones de seguridad que impacten a los trabajadores en el proceso electoral.<\/p>\n\n\n\n<p>Este s\u00e1bado 23 de marzo, fue asesinato a manos de por lo menos dos sujetos quienes en motocicleta le dispararon hasta en ocho ocasiones cuando se encontraba en su lote de autos.<\/p>\n\n\n\n<p>Un d\u00eda antes el gobernador del estado Sergio Salom\u00f3n C\u00e9spedes Peregrina, conden\u00f3 el ataque en contra del candidato de Morena en Acatzingo.<\/p>\n\n\n\n<p>La Fiscal\u00eda General del Estado (FGE), inici\u00f3 investigaciones para esclarecer el asesinato.<\/p>\n\n\n\n<p>Por medio de un comunicado, inform\u00f3 que personal lleg\u00f3 al lugar de los hechos donde comenzaron los trabajos de indagatorias, como el procesamiento de la escena del crimen.<\/p>\n\n\n\n<p>La coordinaci\u00f3n general especializada de la FGE en investigaci\u00f3n de homicidios dolosos, realiza las acciones necesarias, afirmaron, para esclarecer e identificar a los responsables.<\/p>\n","protected":false},"excerpt":{"rendered":"<p>Ante el crimen del candidato del partido Movimiento Regeneraci\u00f3n Nacional (Morena) Jaime Gonz\u00e1lez P\u00e9rez, el consejero presidente del Instituto Nacional Electoral (INE) en Puebla, Edgar Arias Alba, hizo un exhorto a las autoridades de gobierno a que garanticen la seguridad. Entrevistado durante la rodada \u201cPedalea por la democracia\u201d, reprob\u00f3 el asesinato del candidato a presidente [&hellip;]<\/p>\n","protected":false},"author":4,"featured_media":43494,"comment_status":"open","ping_status":"open","sticky":false,"template":"","format":"standard","meta":{"om_disable_all_campaigns":false,"_monsterinsights_skip_tracking":false,"_monsterinsights_sitenote_active":false,"_monsterinsights_sitenote_note":"","_monsterinsights_sitenote_category":0,"footnotes":""},"categories":[175],"tags":[195,223],"class_list":["post-43493","post","type-post","status-publish","format-standard","has-post-thumbnail","hentry","category-local","tag-principal","tag-puebla"],"amp_enabled":true,"_links":{"self":[{"href":"https:\/\/lahora.mx\/index.php\/wp-json\/wp\/v2\/posts\/43493","targetHints":{"allow":["GET"]}}],"collection":[{"href":"https:\/\/lahora.mx\/index.php\/wp-json\/wp\/v2\/posts"}],"about":[{"href":"https:\/\/lahora.mx\/index.php\/wp-json\/wp\/v2\/types\/post"}],"author":[{"embeddable":true,"href":"https:\/\/lahora.mx\/index.php\/wp-json\/wp\/v2\/users\/4"}],"replies":[{"embeddable":true,"href":"https:\/\/lahora.mx\/index.php\/wp-json\/wp\/v2\/comments?post=43493"}],"version-history":[{"count":1,"href":"https:\/\/lahora.mx\/index.php\/wp-json\/wp\/v2\/posts\/43493\/revisions"}],"predecessor-version":[{"id":43495,"href":"https:\/\/lahora.mx\/index.php\/wp-json\/wp\/v2\/posts\/43493\/revisions\/43495"}],"wp:featuredmedia":[{"embeddable":true,"href":"https:\/\/lahora.mx\/index.php\/wp-json\/wp\/v2\/media\/43494"}],"wp:attachment":[{"href":"https:\/\/lahora.mx\/index.php\/wp-json\/wp\/v2\/media?parent=43493"}],"wp:term":[{"taxonomy":"category","embeddable":true,"href":"https:\/\/lahora.mx\/index.php\/wp-json\/wp\/v2\/categories?post=43493"},{"taxonomy":"post_tag","embeddable":true,"href":"https:\/\/lahora.mx\/index.php\/wp-json\/wp\/v2\/tags?post=43493"}],"curies":[{"name":"wp","href":"https:\/\/api.w.org\/{rel}","templated":true}]}}