{"id":43487,"date":"2024-03-24T17:04:58","date_gmt":"2024-03-24T17:04:58","guid":{"rendered":"http:\/\/lahora.mx\/?p=43487"},"modified":"2024-03-24T17:04:59","modified_gmt":"2024-03-24T17:04:59","slug":"puebla-amanece-con-una-calidad-de-aire-regular-por-caida-de-ceniza","status":"publish","type":"post","link":"https:\/\/lahora.mx\/index.php\/2024\/03\/24\/puebla-amanece-con-una-calidad-de-aire-regular-por-caida-de-ceniza\/","title":{"rendered":"Puebla amanece con una calidad de aire regular por ca\u00edda de ceniza"},"content":{"rendered":"\n<p>La continua actividad del volc\u00e1n Popocat\u00e9petl ha provocado que la calidad del aire fuera regular en la zona metropolitana de Puebla, al igual que en Atlixco y Tehuac\u00e1n.<\/p>\n\n\n\n<p>Lo anterior lo inform\u00f3 el gobierno estatal a trav\u00e9s de un comunicado, donde indic\u00f3 que al corte de las 10:00 horas de este domingo 24 de marzo el coloso registr\u00f3 34 exhalaciones y 914 minutos de tremor.<\/p>\n\n\n\n<p>\u201cEl sem\u00e1foro de alerta volc\u00e1nica permanece en Amarillo Fase 2 y los municipios de Puebla, San Andr\u00e9s y San Pedro Cholula, Cuautlancingo y Amozoc tuvieron ca\u00edda de ceniza\u201d, se lee en el comunicado.<\/p>\n\n\n\n<p>Asimismo, inform\u00f3 que increment\u00f3 a 97 el n\u00famero de personas que han recibido atenci\u00f3n m\u00e9dica por presentar molestias a causa de la ceniza, luego de que en las \u00faltimas 24 horas, cinco habitantes en la zona del volc\u00e1n acudieran a valoraci\u00f3n m\u00e9dica por s\u00edntomas de rinitis.<\/p>\n\n\n\n<p>Por lo anterior, las autoridades exhortan a la poblaci\u00f3n a mantener las medidas recomendadas por el sector salud y Protecci\u00f3n Civil, as\u00ed como moderar el uso del autom\u00f3vil.<\/p>\n","protected":false},"excerpt":{"rendered":"<p>La continua actividad del volc\u00e1n Popocat\u00e9petl ha provocado que la calidad del aire fuera regular en la zona metropolitana de Puebla, al igual que en Atlixco y Tehuac\u00e1n. Lo anterior lo inform\u00f3 el gobierno estatal a trav\u00e9s de un comunicado, donde indic\u00f3 que al corte de las 10:00 horas de este domingo 24 de marzo [&hellip;]<\/p>\n","protected":false},"author":4,"featured_media":43488,"comment_status":"open","ping_status":"open","sticky":false,"template":"","format":"standard","meta":{"om_disable_all_campaigns":false,"_monsterinsights_skip_tracking":false,"_monsterinsights_sitenote_active":false,"_monsterinsights_sitenote_note":"","_monsterinsights_sitenote_category":0,"footnotes":""},"categories":[175],"tags":[],"class_list":["post-43487","post","type-post","status-publish","format-standard","has-post-thumbnail","hentry","category-local"],"amp_enabled":true,"_links":{"self":[{"href":"https:\/\/lahora.mx\/index.php\/wp-json\/wp\/v2\/posts\/43487","targetHints":{"allow":["GET"]}}],"collection":[{"href":"https:\/\/lahora.mx\/index.php\/wp-json\/wp\/v2\/posts"}],"about":[{"href":"https:\/\/lahora.mx\/index.php\/wp-json\/wp\/v2\/types\/post"}],"author":[{"embeddable":true,"href":"https:\/\/lahora.mx\/index.php\/wp-json\/wp\/v2\/users\/4"}],"replies":[{"embeddable":true,"href":"https:\/\/lahora.mx\/index.php\/wp-json\/wp\/v2\/comments?post=43487"}],"version-history":[{"count":1,"href":"https:\/\/lahora.mx\/index.php\/wp-json\/wp\/v2\/posts\/43487\/revisions"}],"predecessor-version":[{"id":43489,"href":"https:\/\/lahora.mx\/index.php\/wp-json\/wp\/v2\/posts\/43487\/revisions\/43489"}],"wp:featuredmedia":[{"embeddable":true,"href":"https:\/\/lahora.mx\/index.php\/wp-json\/wp\/v2\/media\/43488"}],"wp:attachment":[{"href":"https:\/\/lahora.mx\/index.php\/wp-json\/wp\/v2\/media?parent=43487"}],"wp:term":[{"taxonomy":"category","embeddable":true,"href":"https:\/\/lahora.mx\/index.php\/wp-json\/wp\/v2\/categories?post=43487"},{"taxonomy":"post_tag","embeddable":true,"href":"https:\/\/lahora.mx\/index.php\/wp-json\/wp\/v2\/tags?post=43487"}],"curies":[{"name":"wp","href":"https:\/\/api.w.org\/{rel}","templated":true}]}}