{"id":43481,"date":"2024-03-24T16:27:32","date_gmt":"2024-03-24T16:27:32","guid":{"rendered":"http:\/\/lahora.mx\/?p=43481"},"modified":"2024-03-24T16:27:32","modified_gmt":"2024-03-24T16:27:32","slug":"se-instalan-artesanos-de-palmas-listos-para-celebrar-el-domingo-de-ramos-en-tehuacan","status":"publish","type":"post","link":"https:\/\/lahora.mx\/index.php\/2024\/03\/24\/se-instalan-artesanos-de-palmas-listos-para-celebrar-el-domingo-de-ramos-en-tehuacan\/","title":{"rendered":"Se instalan Artesanos de palmas listos  para celebrar el Domingo de Ramos en Tehuac\u00e1n"},"content":{"rendered":"\n<p>Poco m\u00e1s de 70 artesanos se instalaron en el atrio de la iglesia Catedral de Tehuac\u00e1n para vender sus productos con motivo del Domingo de Ramos. La mayor\u00eda, provenientes de San Antonio Ca\u00f1ada y San Pedro Chapulco y tienen m\u00e1s de 29 a\u00f1os llevando a cabo esta actividad.<\/p>\n\n\n\n<p>Rosalina Ram\u00edrez Celestino, artesana de palmas, dio a conocer que desde las 06:00 hasta las 21 horas ofrecer\u00e1n sus productos; asimismo, dijo que estar\u00e1n vendiendo hasta la \u00faltima misa con motivo del Domingo de Ramos.<\/p>\n\n\n\n<p>En Tehuac\u00e1n se instalan artesanos de palmas para celebrar el Domingo de Ramos<br>\u00abTrabajamos todo el a\u00f1o y pues la venta nada m\u00e1s es de dos d\u00edas, y s\u00f3lo quienes nos compran son las personas allegadas a la iglesia que creen en Dios, que creen en estas artesan\u00edas, por lo que les hacemos la cordial invitaci\u00f3n para que se acerquen, aqu\u00ed ya que estamos instalados\u00bb, mencion\u00f3 la artesana.<\/p>\n\n\n\n<p>A\u00f1adi\u00f3 que para el s\u00e1bado 23 de marzo, la mayor\u00eda de los artesanos no hab\u00eda terminado de instalarse; sin embargo, para la noche y la ma\u00f1ana del domingo estar\u00e1n completos para llevar a cabo la venta.<\/p>\n\n\n\n<p>En Tehuac\u00e1n se instalan artesanos de palmas para celebrar el Domingo de Ramos<br>Es importante mencionar que adem\u00e1s de instalarse en el atrio de Catedral, tambi\u00e9n lo hacen en la iglesia del Carmen, en los alrededores de la iglesia de San Francisco y en el mercado La Pur\u00edsima.<\/p>\n","protected":false},"excerpt":{"rendered":"<p>Poco m\u00e1s de 70 artesanos se instalaron en el atrio de la iglesia Catedral de Tehuac\u00e1n para vender sus productos con motivo del Domingo de Ramos. La mayor\u00eda, provenientes de San Antonio Ca\u00f1ada y San Pedro Chapulco y tienen m\u00e1s de 29 a\u00f1os llevando a cabo esta actividad. Rosalina Ram\u00edrez Celestino, artesana de palmas, dio [&hellip;]<\/p>\n","protected":false},"author":4,"featured_media":43482,"comment_status":"open","ping_status":"open","sticky":false,"template":"","format":"standard","meta":{"om_disable_all_campaigns":false,"_monsterinsights_skip_tracking":false,"_monsterinsights_sitenote_active":false,"_monsterinsights_sitenote_note":"","_monsterinsights_sitenote_category":0,"footnotes":""},"categories":[175],"tags":[223],"class_list":["post-43481","post","type-post","status-publish","format-standard","has-post-thumbnail","hentry","category-local","tag-puebla"],"amp_enabled":true,"_links":{"self":[{"href":"https:\/\/lahora.mx\/index.php\/wp-json\/wp\/v2\/posts\/43481","targetHints":{"allow":["GET"]}}],"collection":[{"href":"https:\/\/lahora.mx\/index.php\/wp-json\/wp\/v2\/posts"}],"about":[{"href":"https:\/\/lahora.mx\/index.php\/wp-json\/wp\/v2\/types\/post"}],"author":[{"embeddable":true,"href":"https:\/\/lahora.mx\/index.php\/wp-json\/wp\/v2\/users\/4"}],"replies":[{"embeddable":true,"href":"https:\/\/lahora.mx\/index.php\/wp-json\/wp\/v2\/comments?post=43481"}],"version-history":[{"count":1,"href":"https:\/\/lahora.mx\/index.php\/wp-json\/wp\/v2\/posts\/43481\/revisions"}],"predecessor-version":[{"id":43483,"href":"https:\/\/lahora.mx\/index.php\/wp-json\/wp\/v2\/posts\/43481\/revisions\/43483"}],"wp:featuredmedia":[{"embeddable":true,"href":"https:\/\/lahora.mx\/index.php\/wp-json\/wp\/v2\/media\/43482"}],"wp:attachment":[{"href":"https:\/\/lahora.mx\/index.php\/wp-json\/wp\/v2\/media?parent=43481"}],"wp:term":[{"taxonomy":"category","embeddable":true,"href":"https:\/\/lahora.mx\/index.php\/wp-json\/wp\/v2\/categories?post=43481"},{"taxonomy":"post_tag","embeddable":true,"href":"https:\/\/lahora.mx\/index.php\/wp-json\/wp\/v2\/tags?post=43481"}],"curies":[{"name":"wp","href":"https:\/\/api.w.org\/{rel}","templated":true}]}}