{"id":43478,"date":"2024-03-24T16:22:55","date_gmt":"2024-03-24T16:22:55","guid":{"rendered":"http:\/\/lahora.mx\/?p=43478"},"modified":"2024-03-24T16:22:55","modified_gmt":"2024-03-24T16:22:55","slug":"fernando-morales-y-rafa-canedo-se-reunen-para-definir-un-plan-de-trabajo-rumbo-a-la-eleccion","status":"publish","type":"post","link":"https:\/\/lahora.mx\/index.php\/2024\/03\/24\/fernando-morales-y-rafa-canedo-se-reunen-para-definir-un-plan-de-trabajo-rumbo-a-la-eleccion\/","title":{"rendered":"Fernando Morales y Rafa Ca\u00f1edo se re\u00fanen para definir un plan de trabajo rumbo a la elecci\u00f3n"},"content":{"rendered":"\n<p class=\"wp-block-paragraph\">Los candidatos por Movimiento Ciudadano (MC) al gobierno de Puebla y a la alcald\u00eda capitalina, Rafa Ca\u00f1edo y Fernando Morales, respectivamente, sostuvieron una reuni\u00f3n en la que se defini\u00f3 el plan de trabajo que presentar\u00e1n a los poblanos en pr\u00f3ximos d\u00edas.<\/p>\n\n\n\n<p class=\"wp-block-paragraph\">Ambos candidatos estuvieron arropados por los diputados y la planilla de regidores, quienes aseguraron que Puebla capital es prioritaria dentro del proceso electoral de este a\u00f1o.<\/p>\n\n\n\n<p class=\"wp-block-paragraph\">\u201cSeamos uni\u00f3n, caminemos juntos federales, locales y municipales\u00bb, as\u00ed lo comento Fedrha Suriano, dirigente estatal de Movimiento Ciudadano.<\/p>\n\n\n\n<p class=\"wp-block-paragraph\">Al hacer un llamado a un trabajo organizado y colectivo entre todos los candidatos de Movimiento Ciudadano, Fernando Morales se\u00f1al\u00f3 que se logr\u00f3 registrar 196 planillas, encabezadas por candidatas y candidatos ciudadanos de todo el estado, que conocen las necesidades de Puebla, un gran logro para Movimiento Ciudadano que en estas elecciones decidi\u00f3 competir solo.<br>\u201cMovimiento Ciudadano es el \u00fanico partido que ofrece un futuro para M\u00e9xico, los que conf\u00edan por este proyecto apuestan al crecimiento MC y de Puebla. Buscamos trascender y dejar un legado, tenemos ganas de ganar, salir con orgullo y la cara en alto. Lo nuevo es que ninguno es pol\u00edtico, somos ciudadanos\u00bb, afirm\u00f3 el candidato a la gubernatura del estado.<\/p>\n","protected":false},"excerpt":{"rendered":"<p>Los candidatos por Movimiento Ciudadano (MC) al gobierno de Puebla y a la alcald\u00eda capitalina, Rafa Ca\u00f1edo y Fernando Morales, respectivamente, sostuvieron una reuni\u00f3n en la que se defini\u00f3 el plan de trabajo que presentar\u00e1n a los poblanos en pr\u00f3ximos d\u00edas. Ambos candidatos estuvieron arropados por los diputados y la planilla de regidores, quienes aseguraron [&hellip;]<\/p>\n","protected":false},"author":4,"featured_media":43479,"comment_status":"open","ping_status":"open","sticky":false,"template":"","format":"standard","meta":{"om_disable_all_campaigns":false,"_monsterinsights_skip_tracking":false,"footnotes":""},"categories":[175],"tags":[128,223],"class_list":["post-43478","post","type-post","status-publish","format-standard","has-post-thumbnail","hentry","category-local","tag-politics","tag-puebla"],"amp_enabled":true,"_links":{"self":[{"href":"https:\/\/lahora.mx\/index.php\/wp-json\/wp\/v2\/posts\/43478","targetHints":{"allow":["GET"]}}],"collection":[{"href":"https:\/\/lahora.mx\/index.php\/wp-json\/wp\/v2\/posts"}],"about":[{"href":"https:\/\/lahora.mx\/index.php\/wp-json\/wp\/v2\/types\/post"}],"author":[{"embeddable":true,"href":"https:\/\/lahora.mx\/index.php\/wp-json\/wp\/v2\/users\/4"}],"replies":[{"embeddable":true,"href":"https:\/\/lahora.mx\/index.php\/wp-json\/wp\/v2\/comments?post=43478"}],"version-history":[{"count":1,"href":"https:\/\/lahora.mx\/index.php\/wp-json\/wp\/v2\/posts\/43478\/revisions"}],"predecessor-version":[{"id":43480,"href":"https:\/\/lahora.mx\/index.php\/wp-json\/wp\/v2\/posts\/43478\/revisions\/43480"}],"wp:featuredmedia":[{"embeddable":true,"href":"https:\/\/lahora.mx\/index.php\/wp-json\/wp\/v2\/media\/43479"}],"wp:attachment":[{"href":"https:\/\/lahora.mx\/index.php\/wp-json\/wp\/v2\/media?parent=43478"}],"wp:term":[{"taxonomy":"category","embeddable":true,"href":"https:\/\/lahora.mx\/index.php\/wp-json\/wp\/v2\/categories?post=43478"},{"taxonomy":"post_tag","embeddable":true,"href":"https:\/\/lahora.mx\/index.php\/wp-json\/wp\/v2\/tags?post=43478"}],"curies":[{"name":"wp","href":"https:\/\/api.w.org\/{rel}","templated":true}]}}