{"id":43453,"date":"2024-03-22T22:38:31","date_gmt":"2024-03-22T22:38:31","guid":{"rendered":"http:\/\/lahora.mx\/?p=43453"},"modified":"2024-03-22T22:38:32","modified_gmt":"2024-03-22T22:38:32","slug":"estado-islamico-reivindica-el-ataque-en-sala-de-conciertos-de-moscu","status":"publish","type":"post","link":"https:\/\/lahora.mx\/index.php\/2024\/03\/22\/estado-islamico-reivindica-el-ataque-en-sala-de-conciertos-de-moscu\/","title":{"rendered":"Estado Isl\u00e1mico reivindica el ataque en sala de conciertos de Mosc\u00fa"},"content":{"rendered":"\n<p>El grupo yihadista Estado Isl\u00e1mico reivindic\u00f3 este viernes el tiroteo en una sala de conciertos de un centro comercial en las afueras de Mosc\u00fa, que ha causado al menos 40 muertos y 100 heridos, seg\u00fan la agencia Amaq, \u00f3rgano de propaganda de la organizaci\u00f3n.<\/p>\n\n\n\n<p>\u00abLos combatientes del Estado Isl\u00e1mico atacaron una gran agrupaci\u00f3n de cristianos en la ciudad de Krasnogorsk, en las afueras de la capital rusa, Mosc\u00fa, y mataron e hirieron a cientos de personas y causaron una gran destrucci\u00f3n en el lugar antes de retirarse a sus bases de manera segura\u00bb, inform\u00f3 Amaq en su canal de Telegram.<br><br>El escueto comunicado no ofreci\u00f3 m\u00e1s detalles sobre el tiroteo que, seg\u00fan las autoridades de la regi\u00f3n de Mosc\u00fa, deja m\u00e1s de una veintena de heridos hospitalizados, cinco de ellos en estado grave, y se ha convertido en uno de los ataques m\u00e1s graves, por n\u00famero de v\u00edctimas, de los registrados en Mosc\u00fa en los \u00faltimos 20 a\u00f1os.<br><br><\/p>\n\n\n\n<p>En estos momentos, la Guardia Nacional Rusa (Rosgvardia) busca a los terroristas que atacaron la sala de conciertos con armas autom\u00e1ticas antes de una actuaci\u00f3n del grupo de rock Piknik.<\/p>\n\n\n\n<p>En las im\u00e1genes colgadas por testigos en las redes sociales se ve c\u00f3mo varios hombres disparan contra la gente a su entrada en el centro comercial y los cuerpos de varias v\u00edctimas yacen en el suelo en un charco de sangre.<br>Este ataque se produce un d\u00eda despu\u00e9s de que el Estado Isl\u00e1mico reivindicara un atentado suicida cerca de las oficinas de un banco en el sur de Afganist\u00e1n en el que al menos murieron 23 personas y otras 60 resultaron heridas.<\/p>\n","protected":false},"excerpt":{"rendered":"<p>El grupo yihadista Estado Isl\u00e1mico reivindic\u00f3 este viernes el tiroteo en una sala de conciertos de un centro comercial en las afueras de Mosc\u00fa, que ha causado al menos 40 muertos y 100 heridos, seg\u00fan la agencia Amaq, \u00f3rgano de propaganda de la organizaci\u00f3n. \u00abLos combatientes del Estado Isl\u00e1mico atacaron una gran agrupaci\u00f3n de cristianos [&hellip;]<\/p>\n","protected":false},"author":4,"featured_media":43454,"comment_status":"open","ping_status":"open","sticky":false,"template":"","format":"standard","meta":{"om_disable_all_campaigns":false,"_monsterinsights_skip_tracking":false,"_monsterinsights_sitenote_active":false,"_monsterinsights_sitenote_note":"","_monsterinsights_sitenote_category":0,"footnotes":""},"categories":[176],"tags":[],"class_list":["post-43453","post","type-post","status-publish","format-standard","has-post-thumbnail","hentry","category-nacional"],"amp_enabled":true,"_links":{"self":[{"href":"https:\/\/lahora.mx\/index.php\/wp-json\/wp\/v2\/posts\/43453","targetHints":{"allow":["GET"]}}],"collection":[{"href":"https:\/\/lahora.mx\/index.php\/wp-json\/wp\/v2\/posts"}],"about":[{"href":"https:\/\/lahora.mx\/index.php\/wp-json\/wp\/v2\/types\/post"}],"author":[{"embeddable":true,"href":"https:\/\/lahora.mx\/index.php\/wp-json\/wp\/v2\/users\/4"}],"replies":[{"embeddable":true,"href":"https:\/\/lahora.mx\/index.php\/wp-json\/wp\/v2\/comments?post=43453"}],"version-history":[{"count":1,"href":"https:\/\/lahora.mx\/index.php\/wp-json\/wp\/v2\/posts\/43453\/revisions"}],"predecessor-version":[{"id":43455,"href":"https:\/\/lahora.mx\/index.php\/wp-json\/wp\/v2\/posts\/43453\/revisions\/43455"}],"wp:featuredmedia":[{"embeddable":true,"href":"https:\/\/lahora.mx\/index.php\/wp-json\/wp\/v2\/media\/43454"}],"wp:attachment":[{"href":"https:\/\/lahora.mx\/index.php\/wp-json\/wp\/v2\/media?parent=43453"}],"wp:term":[{"taxonomy":"category","embeddable":true,"href":"https:\/\/lahora.mx\/index.php\/wp-json\/wp\/v2\/categories?post=43453"},{"taxonomy":"post_tag","embeddable":true,"href":"https:\/\/lahora.mx\/index.php\/wp-json\/wp\/v2\/tags?post=43453"}],"curies":[{"name":"wp","href":"https:\/\/api.w.org\/{rel}","templated":true}]}}