{"id":43392,"date":"2024-03-21T17:43:26","date_gmt":"2024-03-21T17:43:26","guid":{"rendered":"http:\/\/lahora.mx\/?p=43392"},"modified":"2024-03-21T17:43:26","modified_gmt":"2024-03-21T17:43:26","slug":"amlo-confunde-con-otra-activista-ceci-flores","status":"publish","type":"post","link":"https:\/\/lahora.mx\/index.php\/2024\/03\/21\/amlo-confunde-con-otra-activista-ceci-flores\/","title":{"rendered":"AMLO confunde con otra activista  Ceci Flores"},"content":{"rendered":"\n<p>El presidente Andr\u00e9s Manuel L\u00f3pez Obrador sostuvo durante su conferencia ma\u00f1anera de este jueves 21 de marzo que s\u00ed dialogar\u00e1 con la madre buscadora Ceci Flores, aunque se\u00f1al\u00f3 que ser\u00e1 \u201cen su momento\u201d, y contradijo a la activista, pues se\u00f1al\u00f3 su gobierno s\u00ed cumple con la labor de buscar a los desaparecidos del pa\u00eds, que de acuerdo con cifras oficiales son m\u00e1s de 99 mil.<\/p>\n\n\n\n<p>Estas declaraciones sucedieron tras los dos d\u00edas de protesta de la fundadora del colectivo Madres Buscadoras de Sonora afuera de Palacio Nacional, donde exigi\u00f3 hablar con el titular del Ejecutivo federal para entregarle la pala con la que ella y sus compa\u00f1eras excavan fosas clandestinas y buscan a sus familiares.<br>Asegur\u00f3 dialogar\u00e1 con Ceci Flores una vez pasen los comicios del 2 de junio, para que el tema no se politice ni se ocupe como propaganda electoral, aludiendo al bloque opositor; \u201cNo queremos tocar el tema ni que nos usen, porque ya ven c\u00f3mo son los conservadores, se vuelven feministas, defensores de los derechos humanos, ambientalistas. De acuerdo con lo que les conviene\u201d.<\/p>\n\n\n\n<p>AMLO confunde a Ceci Flores con otra activista<br>Al abordar el tema de la protesta que llev\u00f3 a cabo la tambi\u00e9n defensora de los derechos humanos, AMLO confundi\u00f3 a Ceci Flores con otra madre buscadora, Mar\u00eda Guadalupe Aguilar J\u00e1uregui, activista oriunda de Guadalajara y fundadora del colectivo Familias Unidas por Nuestros Desaparecidos Jalisco (Fundej).<\/p>\n\n\n\n<p>\u201cNo s\u00e9 si fue ella la que estuvo en Espa\u00f1a con el rey, porque hubo una se\u00f1ora buscadora que fue premiada (\u2026) porque van a acusarme all\u00e1, con el rey de Espa\u00f1a\u201d, cuestionamiento que respondi\u00f3 con un s\u00ed la secretaria de Gobernaci\u00f3n, Mar\u00eda Luis Alcalde.<br>Sin embargo, la que recibi\u00f3 el Premio de Derechos Humanos Rey de Espa\u00f1a fue la jalisciense el pasado 13 de marzo, quien calific\u00f3 la condecoraci\u00f3n como \u201cun reconocimiento esperanzador, porque visibiliza el problema que tenemos en M\u00e9xico (\u2026) porque no nada m\u00e1s es que [se] llevan a los muchachos, destruyen la vida de las familias\u201d.<\/p>\n","protected":false},"excerpt":{"rendered":"<p>El presidente Andr\u00e9s Manuel L\u00f3pez Obrador sostuvo durante su conferencia ma\u00f1anera de este jueves 21 de marzo que s\u00ed dialogar\u00e1 con la madre buscadora Ceci Flores, aunque se\u00f1al\u00f3 que ser\u00e1 \u201cen su momento\u201d, y contradijo a la activista, pues se\u00f1al\u00f3 su gobierno s\u00ed cumple con la labor de buscar a los desaparecidos del pa\u00eds, que [&hellip;]<\/p>\n","protected":false},"author":4,"featured_media":43393,"comment_status":"open","ping_status":"open","sticky":false,"template":"","format":"standard","meta":{"om_disable_all_campaigns":false,"_monsterinsights_skip_tracking":false,"_monsterinsights_sitenote_active":false,"_monsterinsights_sitenote_note":"","_monsterinsights_sitenote_category":0,"footnotes":""},"categories":[176],"tags":[],"class_list":["post-43392","post","type-post","status-publish","format-standard","has-post-thumbnail","hentry","category-nacional"],"amp_enabled":true,"_links":{"self":[{"href":"https:\/\/lahora.mx\/index.php\/wp-json\/wp\/v2\/posts\/43392","targetHints":{"allow":["GET"]}}],"collection":[{"href":"https:\/\/lahora.mx\/index.php\/wp-json\/wp\/v2\/posts"}],"about":[{"href":"https:\/\/lahora.mx\/index.php\/wp-json\/wp\/v2\/types\/post"}],"author":[{"embeddable":true,"href":"https:\/\/lahora.mx\/index.php\/wp-json\/wp\/v2\/users\/4"}],"replies":[{"embeddable":true,"href":"https:\/\/lahora.mx\/index.php\/wp-json\/wp\/v2\/comments?post=43392"}],"version-history":[{"count":1,"href":"https:\/\/lahora.mx\/index.php\/wp-json\/wp\/v2\/posts\/43392\/revisions"}],"predecessor-version":[{"id":43394,"href":"https:\/\/lahora.mx\/index.php\/wp-json\/wp\/v2\/posts\/43392\/revisions\/43394"}],"wp:featuredmedia":[{"embeddable":true,"href":"https:\/\/lahora.mx\/index.php\/wp-json\/wp\/v2\/media\/43393"}],"wp:attachment":[{"href":"https:\/\/lahora.mx\/index.php\/wp-json\/wp\/v2\/media?parent=43392"}],"wp:term":[{"taxonomy":"category","embeddable":true,"href":"https:\/\/lahora.mx\/index.php\/wp-json\/wp\/v2\/categories?post=43392"},{"taxonomy":"post_tag","embeddable":true,"href":"https:\/\/lahora.mx\/index.php\/wp-json\/wp\/v2\/tags?post=43392"}],"curies":[{"name":"wp","href":"https:\/\/api.w.org\/{rel}","templated":true}]}}