{"id":43370,"date":"2024-03-21T03:37:48","date_gmt":"2024-03-21T03:37:48","guid":{"rendered":"http:\/\/lahora.mx\/?p=43370"},"modified":"2024-03-21T03:37:49","modified_gmt":"2024-03-21T03:37:49","slug":"avanza-impugnacion-contra-nestor-camarillo-ante-el-tepjf","status":"publish","type":"post","link":"https:\/\/lahora.mx\/index.php\/2024\/03\/21\/avanza-impugnacion-contra-nestor-camarillo-ante-el-tepjf\/","title":{"rendered":"Avanza impugnaci\u00f3n contra N\u00e9stor Camarillo ante el\u00a0TEPJF"},"content":{"rendered":"\n<p>La Sala Superior del Tribunal Electoral del Poder Judicial de la Federaci\u00f3n (TEPJF) turn\u00f3 a la Sala Regional de la Ciudad de M\u00e9xico (CDMX) la impugnaci\u00f3n de Movimiento Ciudadano (MC) contra la candidatura ind\u00edgena del priista N\u00e9stor Camarillo.<\/p>\n\n\n\n<p>El Instituto Nacional Electoral (INE), tras la denuncia, inici\u00f3 investigaciones e incluso ya visit\u00f3 El Molino, comunidad de Zacapoaxtla en la sierra norte de Puebla.<\/p>\n\n\n\n<p>El argumento de MC fue que si bien N\u00e9stor Camarillo puede tener pertenencia a la comunidad ind\u00edgena de El Molino, en Zacapoaxtla, misma que le concedi\u00f3 la constancia como miembro de la comunidad ind\u00edgena, no demostr\u00f3 tener domicilio en la comunidad, aunque s\u00ed en el municipio.<\/p>\n\n\n\n<p>Adem\u00e1s, aleg\u00f3 que su trabajo como pol\u00edtico se ha realizado fuera de esa comunidad y que no se present\u00f3 documentaci\u00f3n que avalara lo contrario.<\/p>\n\n\n\n<p>En todo el pa\u00eds al menos siete candidatos que supuestamente representan a comunidades ind\u00edgenas han sido impugnados por sus adversarios-<\/p>\n\n\n\n<p>Los impugnados son el aspirante al Senado N\u00e9stor Camarillo, de la coalici\u00f3n Fuerza y Coraz\u00f3n por M\u00e9xico (FCM); as\u00ed como de Esteban Abraham Macari, Juli\u00e1n Zacar\u00edas Curi y Juan Jos\u00e9 Canul P\u00e9rez, tambi\u00e9n de FCM; as\u00ed como Jazm\u00edn Yaneli Villanueva Moo y Jorge Luis S\u00e1nchez Reyes, de la coalici\u00f3n Sigamos Haciendo Historia (SHH), quienes buscan una diputaci\u00f3n federal.<\/p>\n\n\n\n<p>En el caso de personas ind\u00edgenas, los partidos y coaliciones deben postular en este proceso electoral al menos 34 f\u00f3rmulas para diputaciones y federales y cinco para senadur\u00edas.<\/p>\n\n\n\n<p>Impugnaci\u00f3n vs N\u00e9stor<br>La denuncia o impugnaci\u00f3n de MC fue interpuesta el 6 de marzo de 2024 del registro del que fuera presidente estatal del Partido Revolucionario Institucional (PRI) en Puebla.<\/p>\n\n\n\n<p>En el concepto de MC, incumple los requisitos de candidato ind\u00edgena, luego de que se desatara un escandalo en la entidad al conocerse la forma en que se registr\u00f3 por la Senadur\u00eda.<\/p>\n\n\n\n<p>El Consejo General del INE, ejerci\u00f3 su facultad supletoria para registrar las candidaturas a senadur\u00edas de mayor\u00eda relativa, por lo que entre los registros otorgados est\u00e1 el de N\u00e9stor Camarillo Medina, como candidato por acci\u00f3n afirmativa ind\u00edgena a la primera formula de senadur\u00edas postulado por el FCM.<\/p>\n\n\n\n<p>Movimiento Ciudadano alega que, el pol\u00edtico incumple los requisitos para ser registrado de este modo, por lo cual expuso diversos argumentos sobre lo que se incumple.<\/p>\n\n\n\n<p>Por lo tanto, toda vez que la controversia est\u00e1 vinculada con el procedimiento para elegir senadur\u00edas del estado de Puebla, la competencia es para la sala regional de la CDMX.<\/p>\n\n\n\n<p>Los ind\u00edgenas en duda<\/p>\n\n\n\n<p>El candidato al Senado, N\u00e9stor Camarillo Medina, y la candidata a la C\u00e1mara de Diputados, Nadia Navarro Acevedo, se adscribieron como perfiles ind\u00edgenas para la alianza \u201cMejor Rumbo para Puebla\u00bb.<\/p>\n\n\n\n<p>Sin embargo, MC solo confirm\u00f3 la denuncia en contra del priista, por lo que nadie impugn\u00f3 a la panista.<\/p>\n\n\n\n<p>Ambos pol\u00edticos se\u00f1alaron en que hab\u00edan participado en actividades de sus comunidades.<\/p>\n","protected":false},"excerpt":{"rendered":"<p>La Sala Superior del Tribunal Electoral del Poder Judicial de la Federaci\u00f3n (TEPJF) turn\u00f3 a la Sala Regional de la Ciudad de M\u00e9xico (CDMX) la impugnaci\u00f3n de Movimiento Ciudadano (MC) contra la candidatura ind\u00edgena del priista N\u00e9stor Camarillo. El Instituto Nacional Electoral (INE), tras la denuncia, inici\u00f3 investigaciones e incluso ya visit\u00f3 El Molino, comunidad [&hellip;]<\/p>\n","protected":false},"author":4,"featured_media":43375,"comment_status":"open","ping_status":"open","sticky":false,"template":"","format":"standard","meta":{"om_disable_all_campaigns":false,"_monsterinsights_skip_tracking":false,"_monsterinsights_sitenote_active":false,"_monsterinsights_sitenote_note":"","_monsterinsights_sitenote_category":0,"footnotes":""},"categories":[176],"tags":[128],"class_list":["post-43370","post","type-post","status-publish","format-standard","has-post-thumbnail","hentry","category-nacional","tag-politics"],"amp_enabled":true,"_links":{"self":[{"href":"https:\/\/lahora.mx\/index.php\/wp-json\/wp\/v2\/posts\/43370","targetHints":{"allow":["GET"]}}],"collection":[{"href":"https:\/\/lahora.mx\/index.php\/wp-json\/wp\/v2\/posts"}],"about":[{"href":"https:\/\/lahora.mx\/index.php\/wp-json\/wp\/v2\/types\/post"}],"author":[{"embeddable":true,"href":"https:\/\/lahora.mx\/index.php\/wp-json\/wp\/v2\/users\/4"}],"replies":[{"embeddable":true,"href":"https:\/\/lahora.mx\/index.php\/wp-json\/wp\/v2\/comments?post=43370"}],"version-history":[{"count":1,"href":"https:\/\/lahora.mx\/index.php\/wp-json\/wp\/v2\/posts\/43370\/revisions"}],"predecessor-version":[{"id":43376,"href":"https:\/\/lahora.mx\/index.php\/wp-json\/wp\/v2\/posts\/43370\/revisions\/43376"}],"wp:featuredmedia":[{"embeddable":true,"href":"https:\/\/lahora.mx\/index.php\/wp-json\/wp\/v2\/media\/43375"}],"wp:attachment":[{"href":"https:\/\/lahora.mx\/index.php\/wp-json\/wp\/v2\/media?parent=43370"}],"wp:term":[{"taxonomy":"category","embeddable":true,"href":"https:\/\/lahora.mx\/index.php\/wp-json\/wp\/v2\/categories?post=43370"},{"taxonomy":"post_tag","embeddable":true,"href":"https:\/\/lahora.mx\/index.php\/wp-json\/wp\/v2\/tags?post=43370"}],"curies":[{"name":"wp","href":"https:\/\/api.w.org\/{rel}","templated":true}]}}