{"id":43368,"date":"2024-03-21T03:35:35","date_gmt":"2024-03-21T03:35:35","guid":{"rendered":"http:\/\/lahora.mx\/?p=43368"},"modified":"2024-03-21T03:36:00","modified_gmt":"2024-03-21T03:36:00","slug":"antes-del-1-de-abril-comenzara-rehabilitacion-del-barrio-de-santiago","status":"publish","type":"post","link":"https:\/\/lahora.mx\/index.php\/2024\/03\/21\/antes-del-1-de-abril-comenzara-rehabilitacion-del-barrio-de-santiago\/","title":{"rendered":"Antes del 1 de abril comenzar\u00e1 rehabilitaci\u00f3n del Barrio de Santiago"},"content":{"rendered":"\n<p>Ser\u00e1 durante la \u00faltima quincena de este marzo cuando comienzan las obras de rehabilitaci\u00f3n en el hist\u00f3rico barrio de Santiago con una inversi\u00f3n de 40 millones de pesos, revel\u00f3, el alcalde, Ad\u00e1n Dom\u00ednguez S\u00e1nchez.<\/p>\n\n\n\n<p>Acompa\u00f1ado por los titulares de la Direcci\u00f3n de Tr\u00e1nsito, Mar\u00eda del Rayo Ram\u00edrez Polo y Protecci\u00f3n Civil, Gilberto Gonz\u00e1lez Labastida, advirti\u00f3 que la licitaci\u00f3n para ejecutar las faenas en las calles aleda\u00f1as a la Universidad Popular Aut\u00f3noma del Estado de Puebla (UPAEP), solo se espera al ganador del concurso para comenzar de inmediato el trabajo.<\/p>\n\n\n\n<p>Insisti\u00f3 que el trabajo de peatonalizaci\u00f3n, se socializ\u00f3 tanto con los due\u00f1os de todas las unidades econ\u00f3micas que existen alrededor de la universidad, y de otras instituciones educativas, pero tambi\u00e9n con los propios residentes de este pintoresco barrio y con la comunidad estudiantil de todas las escuelas que se localizan en esa gran \u00e1rea.<\/p>\n\n\n\n<p>Fue el mi\u00e9rcoles 28 de febrero previo, cuando el titular de la Secretar\u00eda de Infraestructura y Movilidad, Edgar V\u00e9lez Tirado, indic\u00f3 que este marzo se conocer\u00e1n los resultados de las pruebas piloto de peatonalizaci\u00f3n en los Barrios de Santiago y Los Sapos. <br><\/p>\n\n\n\n<p>Adem\u00e1s ese \u00faltimo mi\u00e9rcoles de febrero, record\u00f3 que desde hace m\u00e1s de 15 a\u00f1os, el Cabildo aprob\u00f3 el mejoramiento del Barrio de Santiago.<\/p>\n\n\n\n<p>Prioriz\u00f3 que el grupo de personas que est\u00e1 en contra de la peatonalizaci\u00f3n en el barrio de Santiago y cerr\u00f3 una vialidad con una manta est\u00e1 en su derecho de manifestarse, pero no comparte la forma por incidir negativamente en varias personas.<\/p>\n\n\n\n<p>Prioriz\u00f3 qu\u00e9 hace m\u00e1s de seis a\u00f1os, el proyecto de mejoramiento de movilidad en este barrio del poniente de la metr\u00f3poli donde existe varias universidades de educaci\u00f3n media b\u00e1sica, se ratific\u00f3 la instrucci\u00f3n en el propio Cabildo de esa \u00e9poca.<\/p>\n\n\n\n<p>Los Sapos<br>Bajo esa perspectiva, Dom\u00ednguez S\u00e1nchez, advirti\u00f3 que moment\u00e1neamente no hay ning\u00fan proyecto ni presupuesto ni licitaci\u00f3n para ejecutar la peatonalizaci\u00f3n de Los Sapos.<\/p>\n\n\n\n<p>Acentu\u00f3 que la autoridad municipal se encuentran en el an\u00e1lisis de los datos de las pruebas piloto, que realiz\u00f3 la Secretar\u00eda de Infraestructura y Movilidad en ese sector del coraz\u00f3n de Puebla.<\/p>\n\n\n\n<p>Los estudios de los datos de las pruebas piloto, dijo, definir\u00e1n las fechas del comienzo de los trabajos.<\/p>\n\n\n\n<p>Vecinos y algunos propietarios de unidades econ\u00f3micas de la 3 Oriente entre las 6 Norte y bulevar 5 de Mayo, se oponen al proyecto de peatonalizaci\u00f3n de este segmento.<\/p>\n","protected":false},"excerpt":{"rendered":"<p>Ser\u00e1 durante la \u00faltima quincena de este marzo cuando comienzan las obras de rehabilitaci\u00f3n en el hist\u00f3rico barrio de Santiago con una inversi\u00f3n de 40 millones de pesos, revel\u00f3, el alcalde, Ad\u00e1n Dom\u00ednguez S\u00e1nchez. Acompa\u00f1ado por los titulares de la Direcci\u00f3n de Tr\u00e1nsito, Mar\u00eda del Rayo Ram\u00edrez Polo y Protecci\u00f3n Civil, Gilberto Gonz\u00e1lez Labastida, advirti\u00f3 [&hellip;]<\/p>\n","protected":false},"author":4,"featured_media":43371,"comment_status":"open","ping_status":"open","sticky":false,"template":"","format":"standard","meta":{"om_disable_all_campaigns":false,"_monsterinsights_skip_tracking":false,"_monsterinsights_sitenote_active":false,"_monsterinsights_sitenote_note":"","_monsterinsights_sitenote_category":0,"footnotes":""},"categories":[175],"tags":[195,223],"class_list":["post-43368","post","type-post","status-publish","format-standard","has-post-thumbnail","hentry","category-local","tag-principal","tag-puebla"],"amp_enabled":true,"_links":{"self":[{"href":"https:\/\/lahora.mx\/index.php\/wp-json\/wp\/v2\/posts\/43368","targetHints":{"allow":["GET"]}}],"collection":[{"href":"https:\/\/lahora.mx\/index.php\/wp-json\/wp\/v2\/posts"}],"about":[{"href":"https:\/\/lahora.mx\/index.php\/wp-json\/wp\/v2\/types\/post"}],"author":[{"embeddable":true,"href":"https:\/\/lahora.mx\/index.php\/wp-json\/wp\/v2\/users\/4"}],"replies":[{"embeddable":true,"href":"https:\/\/lahora.mx\/index.php\/wp-json\/wp\/v2\/comments?post=43368"}],"version-history":[{"count":2,"href":"https:\/\/lahora.mx\/index.php\/wp-json\/wp\/v2\/posts\/43368\/revisions"}],"predecessor-version":[{"id":43373,"href":"https:\/\/lahora.mx\/index.php\/wp-json\/wp\/v2\/posts\/43368\/revisions\/43373"}],"wp:featuredmedia":[{"embeddable":true,"href":"https:\/\/lahora.mx\/index.php\/wp-json\/wp\/v2\/media\/43371"}],"wp:attachment":[{"href":"https:\/\/lahora.mx\/index.php\/wp-json\/wp\/v2\/media?parent=43368"}],"wp:term":[{"taxonomy":"category","embeddable":true,"href":"https:\/\/lahora.mx\/index.php\/wp-json\/wp\/v2\/categories?post=43368"},{"taxonomy":"post_tag","embeddable":true,"href":"https:\/\/lahora.mx\/index.php\/wp-json\/wp\/v2\/tags?post=43368"}],"curies":[{"name":"wp","href":"https:\/\/api.w.org\/{rel}","templated":true}]}}