{"id":43363,"date":"2024-03-21T03:31:53","date_gmt":"2024-03-21T03:31:53","guid":{"rendered":"http:\/\/lahora.mx\/?p=43363"},"modified":"2024-03-21T03:31:54","modified_gmt":"2024-03-21T03:31:54","slug":"los-2-policias-implicados-en-asesinato-de-normalista-de-ayotzinapa-son-vinculados-a-proceso","status":"publish","type":"post","link":"https:\/\/lahora.mx\/index.php\/2024\/03\/21\/los-2-policias-implicados-en-asesinato-de-normalista-de-ayotzinapa-son-vinculados-a-proceso\/","title":{"rendered":"Los 2 polic\u00edas implicados en asesinato de normalista de Ayotzinapa son vinculados a proceso"},"content":{"rendered":"\n<p>Los dos polic\u00edas de Guerrero detenidos por el asesinato de Yanqui Kothan G\u00f3mez Peralta, normalista de Ayotzinapa, fueron vinculados a proceso por los delitos de homicidio y tentativa de homicidio, ambos calificados, tras los hechos ocurridos la noche del 7 de marzo en el libramiento Chilpancingo-Tixtla.<\/p>\n\n\n\n<p>Los agentes estatales identificados como Francisco \u2019N\u2019 y Sigifredo \u2019N\u2019 permanecer\u00e1n recluidos en el Centro de Readaptaci\u00f3n Social (Cereso) de Acapulco, por lo que enfrentar\u00e1n en prisi\u00f3n el proceso en su contra, ya que se les dict\u00f3 prisi\u00f3n preventiva como medida cautelar.<\/p>\n\n\n\n<p>Te recomendamos: Dan prisi\u00f3n preventiva a 2 polic\u00edas por muerte de normalista de Ayotzinapa<\/p>\n\n\n\n<p>Durante la audiencia de vinculaci\u00f3n, que dur\u00f3 siete horas, se presentaron 34 medios de prueba para acreditar la responsabilidad de ambos elementos de la Secretar\u00eda de Seguridad P\u00fablica de Guerrero en el homicidio del joven de 23 a\u00f1os.<\/p>\n\n\n\n<p>El director del Centro de Defensa de los Derechos de las V\u00edctimas de la Violencia, el sacerdote Filiberto Vel\u00e1quez Florencio, inform\u00f3 que durante la audiencia la defensa de los agentes asegur\u00f3 que los imputados dispararon en leg\u00edtima defensa; sin embargo, se comprob\u00f3 que hubo un uso excesivo de la fuerza y que no se atendieron protocolos de actuaci\u00f3n, ya que los normalistas de Ayotzinapa, entre ellos Kothan G\u00f3mez, no dispararon.<\/p>\n\n\n\n<p>Entre las pruebas que se presentaron para desestimar los alegatos de la defensa se encuentra un video grabado por las c\u00e1maras del C4, el cual comprueba el uso excesivo de la fuerza por parte de los agentes estatales, uno de los cuales contin\u00faa pr\u00f3fugo y se presume que es quien le provoc\u00f3 la muerte al normalista de Ayotzinapa tras haberle disparado en la cabeza.<\/p>\n\n\n\n<p>El juez a cargo del caso dio un plazo de cinco meses para realizar la investigaci\u00f3n complementaria.<\/p>\n\n\n\n<p>FGR atrae caso por asesinato de normalista de Ayotzinapa<br>La Fiscal\u00eda General de la Rep\u00fablica atrajo la investigaci\u00f3n por el asesinato del normalista Yanqui Kothan G\u00f3mez Peralta la noche del 7 de marzo de 2024 durante un ret\u00e9n de polic\u00edas estatales en Tixtla, Guerrero.<\/p>\n\n\n\n<p>De acuerdo con la FGR, fue un d\u00eda despu\u00e9s de los hechos que inici\u00f3 una carpeta de investigaci\u00f3n por los hechos que derivaron en la muerte del joven de 23 a\u00f1os y la violaci\u00f3n de los derechos humanos de dos normalistas m\u00e1s que viajaban en la camioneta con Yanqui Kothan G\u00f3mez Peralta.<\/p>\n\n\n\n<p>\u201cDespu\u00e9s de efectuar las diligencias pertinentes, la FGR judicializ\u00f3 la investigaci\u00f3n y un juez federal dict\u00f3 auto de vinculaci\u00f3n a proceso en contra de ambos individuos\u201d, destac\u00f3 el Ministerio P\u00fablico de la Federaci\u00f3n.<\/p>\n\n\n\n<p>Agreg\u00f3 que adem\u00e1s de iniciar su propia investigaci\u00f3n atrajo la carpeta radicada en la Fiscal\u00eda de Guerrero por los hechos ocurridos la noche del 7 de marzo.<\/p>\n","protected":false},"excerpt":{"rendered":"<p>Los dos polic\u00edas de Guerrero detenidos por el asesinato de Yanqui Kothan G\u00f3mez Peralta, normalista de Ayotzinapa, fueron vinculados a proceso por los delitos de homicidio y tentativa de homicidio, ambos calificados, tras los hechos ocurridos la noche del 7 de marzo en el libramiento Chilpancingo-Tixtla. Los agentes estatales identificados como Francisco \u2019N\u2019 y Sigifredo [&hellip;]<\/p>\n","protected":false},"author":4,"featured_media":43364,"comment_status":"open","ping_status":"open","sticky":false,"template":"","format":"standard","meta":{"om_disable_all_campaigns":false,"_monsterinsights_skip_tracking":false,"_monsterinsights_sitenote_active":false,"_monsterinsights_sitenote_note":"","_monsterinsights_sitenote_category":0,"footnotes":""},"categories":[175,176,226],"tags":[223],"class_list":["post-43363","post","type-post","status-publish","format-standard","has-post-thumbnail","hentry","category-local","category-nacional","category-policia","tag-puebla"],"amp_enabled":true,"_links":{"self":[{"href":"https:\/\/lahora.mx\/index.php\/wp-json\/wp\/v2\/posts\/43363","targetHints":{"allow":["GET"]}}],"collection":[{"href":"https:\/\/lahora.mx\/index.php\/wp-json\/wp\/v2\/posts"}],"about":[{"href":"https:\/\/lahora.mx\/index.php\/wp-json\/wp\/v2\/types\/post"}],"author":[{"embeddable":true,"href":"https:\/\/lahora.mx\/index.php\/wp-json\/wp\/v2\/users\/4"}],"replies":[{"embeddable":true,"href":"https:\/\/lahora.mx\/index.php\/wp-json\/wp\/v2\/comments?post=43363"}],"version-history":[{"count":1,"href":"https:\/\/lahora.mx\/index.php\/wp-json\/wp\/v2\/posts\/43363\/revisions"}],"predecessor-version":[{"id":43367,"href":"https:\/\/lahora.mx\/index.php\/wp-json\/wp\/v2\/posts\/43363\/revisions\/43367"}],"wp:featuredmedia":[{"embeddable":true,"href":"https:\/\/lahora.mx\/index.php\/wp-json\/wp\/v2\/media\/43364"}],"wp:attachment":[{"href":"https:\/\/lahora.mx\/index.php\/wp-json\/wp\/v2\/media?parent=43363"}],"wp:term":[{"taxonomy":"category","embeddable":true,"href":"https:\/\/lahora.mx\/index.php\/wp-json\/wp\/v2\/categories?post=43363"},{"taxonomy":"post_tag","embeddable":true,"href":"https:\/\/lahora.mx\/index.php\/wp-json\/wp\/v2\/tags?post=43363"}],"curies":[{"name":"wp","href":"https:\/\/api.w.org\/{rel}","templated":true}]}}