{"id":43346,"date":"2024-03-20T19:32:22","date_gmt":"2024-03-20T19:32:22","guid":{"rendered":"http:\/\/lahora.mx\/?p=43346"},"modified":"2024-03-20T19:32:23","modified_gmt":"2024-03-20T19:32:23","slug":"en-morena-hay-union-representatividad-y-trabajo-coordinado-afirma-olga-romero","status":"publish","type":"post","link":"https:\/\/lahora.mx\/index.php\/2024\/03\/20\/en-morena-hay-union-representatividad-y-trabajo-coordinado-afirma-olga-romero\/","title":{"rendered":"En Morena hay uni\u00f3n, representatividad y trabajo coordinado, afirma Olga Romero\u00a0"},"content":{"rendered":"\n<p>\u201cTenemos candidatos altamente competitivos, trabajamos en unidad y para quienes pretendan vender que hay diferencias, se equivocan, aqu\u00ed hay fortaleza y tambi\u00e9n respeto hacia nuestro esquema de coalici\u00f3n, por eso cada uno de sus integrantes est\u00e1 representando\u201d, asegur\u00f3 Olga Romero Garci-Crespo, al abundar que la fractura y divisi\u00f3n est\u00e1 \u201cenfrente, en la oposici\u00f3n s\u00ed se est\u00e1n desmoronando, por eso no saben c\u00f3mo hacer para ocultarlo\u201d.<br>&nbsp;<br>En este sentido, reiter\u00f3 que en la megacoalici\u00f3n, integrada por Morena, PT, PVEM, Nuevas Alianza Puebla y Fuerza por M\u00e9xico \u201cnos seguimos fortaleciendo con el ejemplo de Alejandro Armenta, quien se da ha dado a la tarea de consolidar la unidad, sensibilizamos a nuestra gente sobre la importancia de llegar cohesionados al 2 de junio, para consolidar la construcci\u00f3n del segundo piso de la Cuarta Transformaci\u00f3n\u201d y abund\u00f3 que sus 16 abanderados a las diputaciones federales los representan y son parte activa de su movimiento.<br>&nbsp;<br>Al respecto, enlist\u00f3 a cada uno de los 16 distritos y los calific\u00f3 como perfiles competitivos y representativos, por ejemplo, advirti\u00f3 \u201cen el distrito 1 de Huauchinango, Giselle Santander es una fundadora y servidora de la naci\u00f3n; en el distrito 2 de Zacatl\u00e1n, F\u00e1tima Cruz, es consejera nacional; en el 3 de Teziutl\u00e1n, Marilyn Ballesteros fue regidora de Morena; en el distrito 4 est\u00e1 Jos\u00e9 Antonio Gonz\u00e1lez, un maestro con mucha experiencia, exdiputado y trabajando con nuestro movimiento desde hace tiempo\u201d.<br>&nbsp;<br>De la misma manera enlist\u00f3 al resto de abanderados de la coalici\u00f3n Sigamos Haciendo Historia y refiri\u00f3 que todos hacen un gran trabajo \u201ctal y como lo est\u00e1 haciendo el senador con licencia Alejandro Armenta en aras de fortalecer la unidad\u201d.<br>&nbsp;<br>Finalmente insisti\u00f3 que hay representatividad de cada partido integrante de la coalici\u00f3n \u201cnuestros compa\u00f1eros cumplen con los criterios de trayectoria y de competitividad, elemento central para las designaciones, porque queremos los mejores resultados para nuestra candidata presidencial Claudia Sheinbaum y pr\u00f3ximamente para quien ser\u00e1 nuestro gobernador en Puebla, as\u00ed como cumplir con la meta que nos hemos puesto para esta elecci\u00f3n de dos millones de votos\u201d.<\/p>\n","protected":false},"excerpt":{"rendered":"<p>\u201cTenemos candidatos altamente competitivos, trabajamos en unidad y para quienes pretendan vender que hay diferencias, se equivocan, aqu\u00ed hay fortaleza y tambi\u00e9n respeto hacia nuestro esquema de coalici\u00f3n, por eso cada uno de sus integrantes est\u00e1 representando\u201d, asegur\u00f3 Olga Romero Garci-Crespo, al abundar que la fractura y divisi\u00f3n est\u00e1 \u201cenfrente, en la oposici\u00f3n s\u00ed se [&hellip;]<\/p>\n","protected":false},"author":4,"featured_media":43347,"comment_status":"open","ping_status":"open","sticky":false,"template":"","format":"standard","meta":{"om_disable_all_campaigns":false,"_monsterinsights_skip_tracking":false,"_monsterinsights_sitenote_active":false,"_monsterinsights_sitenote_note":"","_monsterinsights_sitenote_category":0,"footnotes":""},"categories":[175],"tags":[223],"class_list":["post-43346","post","type-post","status-publish","format-standard","has-post-thumbnail","hentry","category-local","tag-puebla"],"amp_enabled":true,"_links":{"self":[{"href":"https:\/\/lahora.mx\/index.php\/wp-json\/wp\/v2\/posts\/43346","targetHints":{"allow":["GET"]}}],"collection":[{"href":"https:\/\/lahora.mx\/index.php\/wp-json\/wp\/v2\/posts"}],"about":[{"href":"https:\/\/lahora.mx\/index.php\/wp-json\/wp\/v2\/types\/post"}],"author":[{"embeddable":true,"href":"https:\/\/lahora.mx\/index.php\/wp-json\/wp\/v2\/users\/4"}],"replies":[{"embeddable":true,"href":"https:\/\/lahora.mx\/index.php\/wp-json\/wp\/v2\/comments?post=43346"}],"version-history":[{"count":1,"href":"https:\/\/lahora.mx\/index.php\/wp-json\/wp\/v2\/posts\/43346\/revisions"}],"predecessor-version":[{"id":43348,"href":"https:\/\/lahora.mx\/index.php\/wp-json\/wp\/v2\/posts\/43346\/revisions\/43348"}],"wp:featuredmedia":[{"embeddable":true,"href":"https:\/\/lahora.mx\/index.php\/wp-json\/wp\/v2\/media\/43347"}],"wp:attachment":[{"href":"https:\/\/lahora.mx\/index.php\/wp-json\/wp\/v2\/media?parent=43346"}],"wp:term":[{"taxonomy":"category","embeddable":true,"href":"https:\/\/lahora.mx\/index.php\/wp-json\/wp\/v2\/categories?post=43346"},{"taxonomy":"post_tag","embeddable":true,"href":"https:\/\/lahora.mx\/index.php\/wp-json\/wp\/v2\/tags?post=43346"}],"curies":[{"name":"wp","href":"https:\/\/api.w.org\/{rel}","templated":true}]}}