{"id":43343,"date":"2024-03-20T19:14:51","date_gmt":"2024-03-20T19:14:51","guid":{"rendered":"http:\/\/lahora.mx\/?p=43343"},"modified":"2024-03-20T19:14:52","modified_gmt":"2024-03-20T19:14:52","slug":"llega-a-puebla-gran-maraton-nacional-de-teatro-para-ninas-ninos-y-jovenes","status":"publish","type":"post","link":"https:\/\/lahora.mx\/index.php\/2024\/03\/20\/llega-a-puebla-gran-maraton-nacional-de-teatro-para-ninas-ninos-y-jovenes\/","title":{"rendered":"Llega a Puebla \u201cGran Marat\u00f3n Nacional de Teatro para ni\u00f1as, ni\u00f1os y j\u00f3venes\u201d"},"content":{"rendered":"\n<p>El domingo 24 de marzo, la Casa de la Cultura \u201cProfesor Pedro \u00c1ngel Palou P\u00e9rez\u201d ser\u00e1 una de las sedes de la d\u00e9cimo sexta edici\u00f3n del \u201cGran Marat\u00f3n Nacional de Teatro para ni\u00f1as, ni\u00f1os y j\u00f3venes\u201d, organizado por la Coordinaci\u00f3n Nacional de Teatro del Instituto Nacional de Bellas Artes y Literatura (INBAL), informa la Secretar\u00eda de Cultura.<\/p>\n\n\n\n<p>En dicho evento, que se realiza en conmemoraci\u00f3n al D\u00eda Mundial del Teatro para Ni\u00f1as, Ni\u00f1os y J\u00f3venes (20 de marzo), participar\u00e1n por tercer a\u00f1o consecutivo la mayor\u00eda de las entidades federativas, presentando m\u00e1s de 48 actividades en todo el pa\u00eds.<\/p>\n\n\n\n<p>En Puebla, tendr\u00e1n lugar las puestas teatrales \u201cHamonlet\u201d de la compa\u00f1\u00eda Trofof\u00f3n Espectacular, a las 12:00 horas, y \u201cCuento Pirata\u201d de Pipuppets T\u00edteres, a las 13:00 horas, en la Sala \u201cLuis Cabrera\u201d del recinto ubicado en la 5 Oriente n\u00famero 5, Centro Hist\u00f3rico.<\/p>\n\n\n\n<p>Las funciones ser\u00e1n gratuitas y dirigidas para toda la familia. Para consultar m\u00e1s informaci\u00f3n, las y los interesados pueden visitar la p\u00e1gina web sc.puebla.gob.mx, as\u00ed como las redes sociales \u201cSecretar\u00eda de Cultura Puebla\u201d (Facebook) y \u201c@CulturaGobPue\u201d (X).<\/p>\n","protected":false},"excerpt":{"rendered":"<p>El domingo 24 de marzo, la Casa de la Cultura \u201cProfesor Pedro \u00c1ngel Palou P\u00e9rez\u201d ser\u00e1 una de las sedes de la d\u00e9cimo sexta edici\u00f3n del \u201cGran Marat\u00f3n Nacional de Teatro para ni\u00f1as, ni\u00f1os y j\u00f3venes\u201d, organizado por la Coordinaci\u00f3n Nacional de Teatro del Instituto Nacional de Bellas Artes y Literatura (INBAL), informa la Secretar\u00eda [&hellip;]<\/p>\n","protected":false},"author":4,"featured_media":43344,"comment_status":"open","ping_status":"open","sticky":false,"template":"","format":"standard","meta":{"om_disable_all_campaigns":false,"_monsterinsights_skip_tracking":false,"_monsterinsights_sitenote_active":false,"_monsterinsights_sitenote_note":"","_monsterinsights_sitenote_category":0,"footnotes":""},"categories":[175],"tags":[195,223],"class_list":["post-43343","post","type-post","status-publish","format-standard","has-post-thumbnail","hentry","category-local","tag-principal","tag-puebla"],"amp_enabled":true,"_links":{"self":[{"href":"https:\/\/lahora.mx\/index.php\/wp-json\/wp\/v2\/posts\/43343","targetHints":{"allow":["GET"]}}],"collection":[{"href":"https:\/\/lahora.mx\/index.php\/wp-json\/wp\/v2\/posts"}],"about":[{"href":"https:\/\/lahora.mx\/index.php\/wp-json\/wp\/v2\/types\/post"}],"author":[{"embeddable":true,"href":"https:\/\/lahora.mx\/index.php\/wp-json\/wp\/v2\/users\/4"}],"replies":[{"embeddable":true,"href":"https:\/\/lahora.mx\/index.php\/wp-json\/wp\/v2\/comments?post=43343"}],"version-history":[{"count":1,"href":"https:\/\/lahora.mx\/index.php\/wp-json\/wp\/v2\/posts\/43343\/revisions"}],"predecessor-version":[{"id":43345,"href":"https:\/\/lahora.mx\/index.php\/wp-json\/wp\/v2\/posts\/43343\/revisions\/43345"}],"wp:featuredmedia":[{"embeddable":true,"href":"https:\/\/lahora.mx\/index.php\/wp-json\/wp\/v2\/media\/43344"}],"wp:attachment":[{"href":"https:\/\/lahora.mx\/index.php\/wp-json\/wp\/v2\/media?parent=43343"}],"wp:term":[{"taxonomy":"category","embeddable":true,"href":"https:\/\/lahora.mx\/index.php\/wp-json\/wp\/v2\/categories?post=43343"},{"taxonomy":"post_tag","embeddable":true,"href":"https:\/\/lahora.mx\/index.php\/wp-json\/wp\/v2\/tags?post=43343"}],"curies":[{"name":"wp","href":"https:\/\/api.w.org\/{rel}","templated":true}]}}