{"id":43340,"date":"2024-03-20T16:17:10","date_gmt":"2024-03-20T16:17:10","guid":{"rendered":"http:\/\/lahora.mx\/?p=43340"},"modified":"2024-03-20T16:17:10","modified_gmt":"2024-03-20T16:17:10","slug":"mujer-murio-durante-choque-de-patrulla-y-automovil-en-la-amozoc-perote","status":"publish","type":"post","link":"https:\/\/lahora.mx\/index.php\/2024\/03\/20\/mujer-murio-durante-choque-de-patrulla-y-automovil-en-la-amozoc-perote\/","title":{"rendered":"Mujer muri\u00f3 durante choque de patrulla y autom\u00f3vil en la Amozoc- Perote"},"content":{"rendered":"\n<p>Una mujer perdi\u00f3 la vida durante el choque frontal entre una patrulla de la Secretar\u00eda de Seguridad P\u00fablica (SSP) Estatal y un veh\u00edculo particular, en la autopista Amozoc- Perote.<\/p>\n\n\n\n<p>El accidente se registr\u00f3 anoche en el kil\u00f3metro 46 en la salida del t\u00fanel de la vialidad en el territorio que pertenece al estado de Tlaxcala.<\/p>\n\n\n\n<p>Aparentemente, una de las unidades involucradas invadi\u00f3 el carril contrario cuando pretend\u00eda rebasar y as\u00ed se origin\u00f3 la colisi\u00f3n.<\/p>\n\n\n\n<p>La unidad designada a Bomberos del estado con matr\u00edcula 1883 termin\u00f3 con da\u00f1os frontales y se sali\u00f3 de la vialidad, sin embargo, el autom\u00f3vil particular qued\u00f3 destrozado por lo que su ocupante qued\u00f3 prensada y perdi\u00f3 la vida casi al instante.<\/p>\n\n\n\n<p>Mientras los tripulantes de la unidad oficial de Puebla fueron atendidos por los param\u00e9dicos y trasladados a un hospital debido a las lesiones que sufrieron.<\/p>\n\n\n\n<p>Por su parte, agentes de la Guardia Nacional de Carreteras realizaron el abanderamiento de la zona y el peritaje correspondiente.<\/p>\n","protected":false},"excerpt":{"rendered":"<p>Una mujer perdi\u00f3 la vida durante el choque frontal entre una patrulla de la Secretar\u00eda de Seguridad P\u00fablica (SSP) Estatal y un veh\u00edculo particular, en la autopista Amozoc- Perote. El accidente se registr\u00f3 anoche en el kil\u00f3metro 46 en la salida del t\u00fanel de la vialidad en el territorio que pertenece al estado de Tlaxcala. [&hellip;]<\/p>\n","protected":false},"author":4,"featured_media":43341,"comment_status":"open","ping_status":"open","sticky":false,"template":"","format":"standard","meta":{"om_disable_all_campaigns":false,"_monsterinsights_skip_tracking":false,"_monsterinsights_sitenote_active":false,"_monsterinsights_sitenote_note":"","_monsterinsights_sitenote_category":0,"footnotes":""},"categories":[175],"tags":[223],"class_list":["post-43340","post","type-post","status-publish","format-standard","has-post-thumbnail","hentry","category-local","tag-puebla"],"amp_enabled":true,"_links":{"self":[{"href":"https:\/\/lahora.mx\/index.php\/wp-json\/wp\/v2\/posts\/43340","targetHints":{"allow":["GET"]}}],"collection":[{"href":"https:\/\/lahora.mx\/index.php\/wp-json\/wp\/v2\/posts"}],"about":[{"href":"https:\/\/lahora.mx\/index.php\/wp-json\/wp\/v2\/types\/post"}],"author":[{"embeddable":true,"href":"https:\/\/lahora.mx\/index.php\/wp-json\/wp\/v2\/users\/4"}],"replies":[{"embeddable":true,"href":"https:\/\/lahora.mx\/index.php\/wp-json\/wp\/v2\/comments?post=43340"}],"version-history":[{"count":1,"href":"https:\/\/lahora.mx\/index.php\/wp-json\/wp\/v2\/posts\/43340\/revisions"}],"predecessor-version":[{"id":43342,"href":"https:\/\/lahora.mx\/index.php\/wp-json\/wp\/v2\/posts\/43340\/revisions\/43342"}],"wp:featuredmedia":[{"embeddable":true,"href":"https:\/\/lahora.mx\/index.php\/wp-json\/wp\/v2\/media\/43341"}],"wp:attachment":[{"href":"https:\/\/lahora.mx\/index.php\/wp-json\/wp\/v2\/media?parent=43340"}],"wp:term":[{"taxonomy":"category","embeddable":true,"href":"https:\/\/lahora.mx\/index.php\/wp-json\/wp\/v2\/categories?post=43340"},{"taxonomy":"post_tag","embeddable":true,"href":"https:\/\/lahora.mx\/index.php\/wp-json\/wp\/v2\/tags?post=43340"}],"curies":[{"name":"wp","href":"https:\/\/api.w.org\/{rel}","templated":true}]}}