{"id":43334,"date":"2024-03-20T15:52:59","date_gmt":"2024-03-20T15:52:59","guid":{"rendered":"http:\/\/lahora.mx\/?p=43334"},"modified":"2024-03-20T15:52:59","modified_gmt":"2024-03-20T15:52:59","slug":"registra-tlaxcala-su-primera-muerte-a-causa-del-sindrome-de-guillain-barre","status":"publish","type":"post","link":"https:\/\/lahora.mx\/index.php\/2024\/03\/20\/registra-tlaxcala-su-primera-muerte-a-causa-del-sindrome-de-guillain-barre\/","title":{"rendered":"Registra Tlaxcala su primera muerte a causa del s\u00edndrome de Guillain-Barr\u00e9"},"content":{"rendered":"\n<p>Tlaxcala ya registr\u00f3 la primera muerte provocada por el s\u00edndrome de Guillain-Barr\u00e9 y al momento suma 26 positivos al s\u00edndrome de esta enfermedad y 66 sospechosos a Par\u00e1lisis Fl\u00e1cida Aguda (PFA), lo que convierte a la entidad como la de mayor n\u00famero de casos a nivel nacional en este a\u00f1o, revel\u00f3 el titular de la Secretar\u00eda de Salud (Sesa), Rigoberto Zamudio Meneses.<\/p>\n\n\n\n<p>El deceso ocurri\u00f3 en el Hospital General de Zona No. 1 del Instituto Mexicano del Seguro Social (IMSS), ubicado en la colonia Loma Xicoht\u00e9ncatl, en la capital del estado, correspondiente a un var\u00f3n de 48 a\u00f1os de edad con enfermedad cr\u00f3nico-degenerativa.<br>En reuni\u00f3n con diputados locales, el responsable del sector salud en Tlaxcala se\u00f1al\u00f3 que ante esta situaci\u00f3n contin\u00faa vigente la alerta epidemiol\u00f3gica emitida el pasado cinco de febrero, ante el creciente n\u00famero de casos en los primeros meses de 2024.<br><\/p>\n\n\n\n<p>Asimismo, mencion\u00f3 que al momento ya han clausurado y multado a 35 establecimientos de venta de carne de pollo ubicados en Ixtenco, Tlaxcala capital, Chiautempan y Apizaco, en coordinaci\u00f3n con la Comisi\u00f3n Estatal para la Protecci\u00f3n contra Riesgos Sanitarios, donde encontraron c\u00e1rnicos mal conservados.<\/p>\n\n\n\n<p>El especialista sostuvo que este virus no es contagioso, sino que tiene un origen neurol\u00f3gico autoinmune que produce par\u00e1lisis, pues es una enfermedad que genera anticuerpos en el hu\u00e9sped infectado, principalmente contra las vainas de mielina, lo cual origina el s\u00edndrome.<br><br>Zamudio Meneses manifest\u00f3 que no est\u00e1 en condiciones para catalogar este brote como una epidemia, pues los casos que se presentan son muy aislados, raros, y la probabilidad de contraerlo es de una en un mill\u00f3n.<\/p>\n\n\n\n<p>Sin embargo, puntualiz\u00f3 que no existe prevenci\u00f3n o tratamiento para este virus, de ah\u00ed que las complicaciones depender\u00e1n de cada organismo, pues \u201csolamente a una familia tenemos registrado que le ha dado cuatro veces la bacteria y no han tenido complicaciones con la bacteria que se encuentra en la carne de pollo mal conservada\u201d.<br><\/p>\n\n\n\n<p>Con el incremento de casos confirmados por el s\u00edndrome de Guillain-Barr\u00e9, la Sesa exhort\u00f3 a reforzar las medidas de higiene para prevenir este padecimiento que ya cobr\u00f3 la muerte de un tlaxcalteca.<\/p>\n\n\n\n<p>Subray\u00f3 que es importante que los diferentes grupos de poblaci\u00f3n hagan un constante lavado de manos, en especial antes de comer y despu\u00e9s de ir al ba\u00f1o; hervir y clorar el agua para consumo diario, consumir pescados y mariscos bien cocidos o fritos, y desinfectar frutas y verduras si se consumen crudas.<\/p>\n\n\n\n<p>La dependencia estatal afirm\u00f3 que las familias de Tlaxcala deben realizar una adecuada cocci\u00f3n de alimentos c\u00e1rnicos, especialmente de pollo, y evitar el consumo de alimentos de dudosa procedencia en la v\u00eda p\u00fablica.<\/p>\n\n\n\n<p>Abund\u00f3 que es preferible consumir alimentos inmediatamente despu\u00e9s de su preparaci\u00f3n para evitar su pronta descomposici\u00f3n, por lo que estas medidas evitar\u00e1n que las personas padezcan enfermedades gastrointestinales y otros padecimientos m\u00e1s como s\u00edndrome de Guillain-Barr\u00e9.<br><\/p>\n\n\n\n<p>La Sesa aclar\u00f3 que siguen con la capacitaci\u00f3n a todo el personal m\u00e9dico de Centros de Salud y hospitales, con la finalidad de detectar oportunamente padecimientos relacionados con Par\u00e1lisis Fl\u00e1cida Aguda y s\u00edndrome de Guillain Barr\u00e9.<\/p>\n\n\n\n<p>Justific\u00f3 que la Comisi\u00f3n Estatal para la Protecci\u00f3n contra Riesgos Sanitarios de Tlaxcala mantiene las inspecciones de alimentos en mercados p\u00fablicos.<\/p>\n\n\n\n<p>LO RELEVANTE DEL SINDROME DE GUILLAIN BARR\u00c9<br>El sector salud define el s\u00edndrome de Guillain-Barr\u00e9 como una enfermedad en la que el propio sistema inmune ataca al sistema nervioso, eso provoca la inflamaci\u00f3n de los nervios generando en un inicio debilidad en las piernas, brazos y\/o torso.<\/p>\n\n\n\n<p>De hecho, la intensidad de los s\u00edntomas puede aumentar hasta provocar par\u00e1lisis y poner en riesgo la vida cuando se interfiere con la respiraci\u00f3n, presi\u00f3n sangu\u00ednea y ritmo cardiaco.<br><\/p>\n\n\n\n<p>El sector salud anot\u00f3 que desconocen la causa exacta por la que se presenta esta enfermedad, puede afectar a cualquier persona de cualquier sexo y edad y generalmente ocurre posterior a la presencia de una infecci\u00f3n viral respiratoria o gastrointestinal. Se estima que una persona de cada cien mil la presenta.<\/p>\n\n\n\n<p>Los s\u00edntomas de este s\u00edndrome son: p\u00e9rdida de la sensibilidad o sensaci\u00f3n de hormigueo en piernas o brazos; dolor similar al de un calambre muscular; movimiento descoordinado; visi\u00f3n borrosa y ca\u00eddas.<\/p>\n\n\n\n<p>En tanto, la Par\u00e1lisis Fl\u00e1cida Aguda puede ser ocasionada por diversas causas, dentro de ellas enfermedades infecciosas, degenerativas, autoinmune e intoxicaciones con plomo, metales pesados, medicamentos y plaguicidas.<\/p>\n\n\n\n<p>Dentro de este grupo de padecimientos se encuentra la Poliomelitis, el s\u00edndrome de Guillain-Barr\u00e9, la Mielitis Transversa, algunas neuroinfecciones, lesi\u00f3n del nervio ci\u00e1tico, tumoraciones, intoxicaciones por Karwinskia, que son plantas que provocan par\u00e1lisis sim\u00e9trica.<br><\/p>\n\n\n\n<p>26 positivos al s\u00edndrome de Guillain-Barr\u00e9 hay en la entidad, se\u00f1al\u00f3 titular de la Sesa.<br>66 sospechosos a Par\u00e1lisis Fl\u00e1cida Aguda report\u00f3 la Secretar\u00eda de Salud en el estado.<\/p>\n\n\n\n<p>Ent\u00e9rate: \u27a1\ufe0f Registra Tlaxcala primer deceso por s\u00edndrome Guillain-Barr\u00e9<\/p>\n\n\n\n<p>Al momento, la Sesa y la Coeprist han clausurado y multado a 35 establecimientos de venta de carne de pollo ubicados en Ixtenco, Tlaxcala capital, Chiautempan y Apizaco, donde encontraron c\u00e1rnicos mal conservados.<\/p>\n","protected":false},"excerpt":{"rendered":"<p>Tlaxcala ya registr\u00f3 la primera muerte provocada por el s\u00edndrome de Guillain-Barr\u00e9 y al momento suma 26 positivos al s\u00edndrome de esta enfermedad y 66 sospechosos a Par\u00e1lisis Fl\u00e1cida Aguda (PFA), lo que convierte a la entidad como la de mayor n\u00famero de casos a nivel nacional en este a\u00f1o, revel\u00f3 el titular de la [&hellip;]<\/p>\n","protected":false},"author":4,"featured_media":43335,"comment_status":"open","ping_status":"open","sticky":false,"template":"","format":"standard","meta":{"om_disable_all_campaigns":false,"_monsterinsights_skip_tracking":false,"_monsterinsights_sitenote_active":false,"_monsterinsights_sitenote_note":"","_monsterinsights_sitenote_category":0,"footnotes":""},"categories":[175],"tags":[223,210],"class_list":["post-43334","post","type-post","status-publish","format-standard","has-post-thumbnail","hentry","category-local","tag-puebla","tag-tlaxcala"],"amp_enabled":true,"_links":{"self":[{"href":"https:\/\/lahora.mx\/index.php\/wp-json\/wp\/v2\/posts\/43334","targetHints":{"allow":["GET"]}}],"collection":[{"href":"https:\/\/lahora.mx\/index.php\/wp-json\/wp\/v2\/posts"}],"about":[{"href":"https:\/\/lahora.mx\/index.php\/wp-json\/wp\/v2\/types\/post"}],"author":[{"embeddable":true,"href":"https:\/\/lahora.mx\/index.php\/wp-json\/wp\/v2\/users\/4"}],"replies":[{"embeddable":true,"href":"https:\/\/lahora.mx\/index.php\/wp-json\/wp\/v2\/comments?post=43334"}],"version-history":[{"count":1,"href":"https:\/\/lahora.mx\/index.php\/wp-json\/wp\/v2\/posts\/43334\/revisions"}],"predecessor-version":[{"id":43336,"href":"https:\/\/lahora.mx\/index.php\/wp-json\/wp\/v2\/posts\/43334\/revisions\/43336"}],"wp:featuredmedia":[{"embeddable":true,"href":"https:\/\/lahora.mx\/index.php\/wp-json\/wp\/v2\/media\/43335"}],"wp:attachment":[{"href":"https:\/\/lahora.mx\/index.php\/wp-json\/wp\/v2\/media?parent=43334"}],"wp:term":[{"taxonomy":"category","embeddable":true,"href":"https:\/\/lahora.mx\/index.php\/wp-json\/wp\/v2\/categories?post=43334"},{"taxonomy":"post_tag","embeddable":true,"href":"https:\/\/lahora.mx\/index.php\/wp-json\/wp\/v2\/tags?post=43334"}],"curies":[{"name":"wp","href":"https:\/\/api.w.org\/{rel}","templated":true}]}}