{"id":43331,"date":"2024-03-20T15:48:08","date_gmt":"2024-03-20T15:48:08","guid":{"rendered":"http:\/\/lahora.mx\/?p=43331"},"modified":"2024-03-20T15:48:08","modified_gmt":"2024-03-20T15:48:08","slug":"inscriben-candidatura-de-las-alfombras-de-huamantla-para-ser-patrimonio-cultural-inmaterial-de-la-unesco","status":"publish","type":"post","link":"https:\/\/lahora.mx\/index.php\/2024\/03\/20\/inscriben-candidatura-de-las-alfombras-de-huamantla-para-ser-patrimonio-cultural-inmaterial-de-la-unesco\/","title":{"rendered":"Inscriben candidatura de las alfombras de Huamantla para ser Patrimonio Cultural Inmaterial de la Unesco"},"content":{"rendered":"\n<p>Los embajadores de M\u00e9xico, Espa\u00f1a, Italia, B\u00e9lgica y Malta firmaron ayer martes 19 de marzo el expediente conjunto para la nominaci\u00f3n de \u201cLa tradici\u00f3n de las alfombras florales\u201d que se elaboran en diferentes comunidades de estos pa\u00edses, entre \u00e9stas Huamantla, Tlaxcala, en la Lista Representativa del Patrimonio Cultural Inmaterial de la Organizaci\u00f3n de las Naciones Unidas para la Educaci\u00f3n, la Ciencia y la Cultura (Unesco por sus siglas en ingl\u00e9s), en su sede central en Par\u00eds, Francia.<br>Este es un hecho hist\u00f3rico para el pueblo de Huamantla, Tlaxcala, que por generaciones ha preservado y difundido estas bellas y significativas creaciones de arte ef\u00edmero que tienen su origen en la devoci\u00f3n cat\u00f3lica y que han dado reconocimiento internacional a los artesanos de este pueblo m\u00e1gico.<br><\/p>\n\n\n\n<p>En la p\u00e1gina oficial de la Unesco M\u00e9xico se difundi\u00f3 este importante logro que se consolida, tras m\u00e1s de 17 a\u00f1os de trabajo permanente por parte de la comunidad alfombrista, iniciativa y labor encabezada por Isabel Aquino Romero, artesana, alfombrista y coordinadora general operativa de la Comisi\u00f3n Comunitaria e Interinstitucional para el Proceso de Inscripci\u00f3n de las Alfombras y Tapetes de Huamantla, Tlaxcala en la Lista Representativa del Patrimonio Cultural Inmaterial de M\u00e9xico y la Candidatura Multinacional para la Inscripci\u00f3n de la Convenci\u00f3n para la Salvaguardia del Patrimonio Cultural Inmaterial de la Unesco.<\/p>\n\n\n\n<p>La candidatura se trabaja de manera conjunta entre la comunidad portadora de esta centenaria tradici\u00f3n, el Gobierno de M\u00e9xico, a trav\u00e9s de la Secretar\u00eda de Cultura, el Instituto Nacional de Antropolog\u00eda e Historia, la Direcci\u00f3n General de Culturas Populares, Ind\u00edgenas y Urbanas as\u00ed como la Comisi\u00f3n Nacional de Patrimonio Cultural Inmaterial (CONPCI) y el respaldo institucional del Gobierno del Estado de Tlaxcala a trav\u00e9s de la Secretar\u00eda de Cultura y el ayuntamiento de Huamantla.<br><\/p>\n\n\n\n<p>Se trata de una candidatura multinacional, es decir, que la presentan pa\u00edses que comparten la tradici\u00f3n de elaborar alfombras de arte ef\u00edmero, como Espa\u00f1a, Italia, B\u00e9lgica, Malta y M\u00e9xico representado por la comunidad de Huamantla que mantiene viva esta tradici\u00f3n centenaria y es referente en el pa\u00eds, adem\u00e1s de que se suman las localidades de Uriangato, Guanjuato y Patamban, Michoac\u00e1n.<\/p>\n\n\n\n<p>Como antecedente para llegar hasta este d\u00eda hist\u00f3rico ante la Unesco, se han obtenido las siguientes declaratorias:<\/p>\n\n\n\n<ul class=\"wp-block-list\">\n<li>Decreto 186 que declara a la \u201cTradici\u00f3n de las Alfombras y Tapetes de Huamantla como Patrimonio Cultural Inmaterial del Estado de Tlaxcala\u201d. Agosto de 2013. Congreso del Estado de Tlaxcala.<\/li>\n\n\n\n<li>\u201cLa Noche que Nadie Duerme\u201d Fiesta Patrimonio Art\u00edstico y Cultural de Huamantla. ayuntamiento de Huamantla, Tlaxcala. 2013.<\/li>\n<\/ul>\n","protected":false},"excerpt":{"rendered":"<p>Los embajadores de M\u00e9xico, Espa\u00f1a, Italia, B\u00e9lgica y Malta firmaron ayer martes 19 de marzo el expediente conjunto para la nominaci\u00f3n de \u201cLa tradici\u00f3n de las alfombras florales\u201d que se elaboran en diferentes comunidades de estos pa\u00edses, entre \u00e9stas Huamantla, Tlaxcala, en la Lista Representativa del Patrimonio Cultural Inmaterial de la Organizaci\u00f3n de las Naciones [&hellip;]<\/p>\n","protected":false},"author":4,"featured_media":43332,"comment_status":"open","ping_status":"open","sticky":false,"template":"","format":"standard","meta":{"om_disable_all_campaigns":false,"_monsterinsights_skip_tracking":false,"_monsterinsights_sitenote_active":false,"_monsterinsights_sitenote_note":"","_monsterinsights_sitenote_category":0,"footnotes":""},"categories":[175],"tags":[223,210],"class_list":["post-43331","post","type-post","status-publish","format-standard","has-post-thumbnail","hentry","category-local","tag-puebla","tag-tlaxcala"],"amp_enabled":true,"_links":{"self":[{"href":"https:\/\/lahora.mx\/index.php\/wp-json\/wp\/v2\/posts\/43331","targetHints":{"allow":["GET"]}}],"collection":[{"href":"https:\/\/lahora.mx\/index.php\/wp-json\/wp\/v2\/posts"}],"about":[{"href":"https:\/\/lahora.mx\/index.php\/wp-json\/wp\/v2\/types\/post"}],"author":[{"embeddable":true,"href":"https:\/\/lahora.mx\/index.php\/wp-json\/wp\/v2\/users\/4"}],"replies":[{"embeddable":true,"href":"https:\/\/lahora.mx\/index.php\/wp-json\/wp\/v2\/comments?post=43331"}],"version-history":[{"count":1,"href":"https:\/\/lahora.mx\/index.php\/wp-json\/wp\/v2\/posts\/43331\/revisions"}],"predecessor-version":[{"id":43333,"href":"https:\/\/lahora.mx\/index.php\/wp-json\/wp\/v2\/posts\/43331\/revisions\/43333"}],"wp:featuredmedia":[{"embeddable":true,"href":"https:\/\/lahora.mx\/index.php\/wp-json\/wp\/v2\/media\/43332"}],"wp:attachment":[{"href":"https:\/\/lahora.mx\/index.php\/wp-json\/wp\/v2\/media?parent=43331"}],"wp:term":[{"taxonomy":"category","embeddable":true,"href":"https:\/\/lahora.mx\/index.php\/wp-json\/wp\/v2\/categories?post=43331"},{"taxonomy":"post_tag","embeddable":true,"href":"https:\/\/lahora.mx\/index.php\/wp-json\/wp\/v2\/tags?post=43331"}],"curies":[{"name":"wp","href":"https:\/\/api.w.org\/{rel}","templated":true}]}}