{"id":43325,"date":"2024-03-20T15:30:36","date_gmt":"2024-03-20T15:30:36","guid":{"rendered":"http:\/\/lahora.mx\/?p=43325"},"modified":"2024-03-20T15:30:37","modified_gmt":"2024-03-20T15:30:37","slug":"consigue-libertad-dani-alves-exjugador-de-pumas-condenado-por-abuso-sexual","status":"publish","type":"post","link":"https:\/\/lahora.mx\/index.php\/2024\/03\/20\/consigue-libertad-dani-alves-exjugador-de-pumas-condenado-por-abuso-sexual\/","title":{"rendered":"Consigue libertad Dani Alves, exjugador de Pumas condenado por abuso sexual"},"content":{"rendered":"\n<p>La Audiencia de Barcelona ha acordado dejar en libertad provisional al exjugador de Pumas, Dani Alves, bajo fianza de un mill\u00f3n de euros, a la espera de que sea firme la sentencia que lo conden\u00f3 a cuatro a\u00f1os y medio de c\u00e1rcel por violar a una joven en una discoteca.<\/p>\n\n\n\n<p>La Audiencia de Barcelona permite a Alves salir de la c\u00e1rcel si paga la fianza, con la obligaci\u00f3n de entregar sus dos pasaportes -espa\u00f1ol y brasile\u00f1o-, no salir de Espa\u00f1a y comparecer semanalmente ante el tribunal.<\/p>\n\n\n\n<p>Tambi\u00e9n le prohibi\u00f3 al futbolista acercarse a menos de mil metros del domicilio de la v\u00edctima, su lugar de trabajo y cualquier otro lugar que pueda frecuentar, as\u00ed como comunicarse con ella por cualquier medio.<\/p>\n\n\n\n<p>Tras recibir la resoluci\u00f3n de la Audiencia, la defensa del internacional brasile\u00f1o est\u00e1 tratando de reunir el mill\u00f3n de euros que le exige el tribunal: no podr\u00e1 salir de prisi\u00f3n hasta que lo deposite en la cuenta del juzgado y se dicte un nuevo auto que acuerde su libertad provisional.<\/p>\n\n\n\n<p>Alves est\u00e1 en prisi\u00f3n desde enero de 2023. Hasta ahora, los jueces hab\u00edan rechazado sus solicitudes de libertad condicional alegando que exist\u00eda riesgo de fuga.<\/p>\n\n\n\n<p>Tanto su defensa como la fiscal\u00eda han recurrido la condena. Su defensa busca la absoluci\u00f3n mientras que los fiscales quieren que la pena de c\u00e1rcel se eleve a nueve a\u00f1os. Por el momento, no hay fecha para el nuevo juicio en el tribunal superior de Catalu\u00f1a. El caso podr\u00eda llegar al Tribunal Supremo en Madrid.<\/p>\n\n\n\n<p>Dani Alves no se suicid\u00f3 en la c\u00e1rcel, afirma su hermano: \u2018Ahora quieren verlo muerto\u2019<br>Dani Alves no se suicid\u00f3 en la c\u00e1rcel, afirma su hermano: \u2018Ahora quieren verlo muerto\u2019<br>\u00bfPor qu\u00e9 un tribunal le concedi\u00f3 libertad bajo fianza a Dani Alves?<br>La Audiencia razon\u00f3 que, tras la condena a cuatro a\u00f1os y medio de c\u00e1rcel impuesta a Dani Alves, se ha \u201caminorado\u201d el riesgo de fuga vinculado a la gravedad de la pena y, aunque admite que \u201cpersiste\u201d cierto peligro, este puede ser \u201ccontrarrestado\u201d con otras medidas, como la fianza impuesta y la prohibici\u00f3n de salir de Espa\u00f1a.<\/p>\n\n\n\n<p>Otro de los elementos que la sala ha tenido en cuenta para dejar a Alves en libertad bajo fianza es que \u201cla pena impuesta se ha reducido de forma ostensible\u201d en relaci\u00f3n con las que ped\u00edan las acusaciones -de nueve a doce a\u00f1os de c\u00e1rcel- y que lleva ya 14 meses en prisi\u00f3n preventiva.<\/p>\n\n\n\n<p>Adem\u00e1s, advirti\u00f3 que se le podr\u00eda prorrogar la prisi\u00f3n provisional hasta una vez cumplida la mitad de la condena, pero \u201cdif\u00edcilmente\u201d habr\u00e1 sentencia firme en ese periodo.<\/p>\n\n\n\n<p>Seg\u00fan la sala, el condenado, que ayer intervino por videconferencia ante el tribunal para garantizar que no huir\u00eda si quedaba libre, \u201cha expresado su firme prop\u00f3sito de permanecer en todo momento a disposici\u00f3n del tribunal\u201d, como \u201cha hecho desde el inicio del procedimiento\u201d.<\/p>\n\n\n\n<p>En ese sentido, los magistrados recuerdan que Alves viaj\u00f3 a Espa\u00f1a, donde actualmente tiene fijado su domicilio, y se entreg\u00f3 \u201cvoluntariamente\u201d a las autoridades cuando supo que se le investigaba por violaci\u00f3n.<\/p>\n\n\n\n<p>\u201cCada escenario exige de su propia valoraci\u00f3n y exige asimismo la constataci\u00f3n del mantenimiento o, por el contrario, la valoraci\u00f3n de las circunstancias\u201d, sostiene la sala, que se remite a una sentencia del Constitucional que establece que el tiempo debe ser considerado \u201cfactor mitigador\u201d al acordar una prisi\u00f3n preventiva.<\/p>\n","protected":false},"excerpt":{"rendered":"<p>La Audiencia de Barcelona ha acordado dejar en libertad provisional al exjugador de Pumas, Dani Alves, bajo fianza de un mill\u00f3n de euros, a la espera de que sea firme la sentencia que lo conden\u00f3 a cuatro a\u00f1os y medio de c\u00e1rcel por violar a una joven en una discoteca. La Audiencia de Barcelona permite [&hellip;]<\/p>\n","protected":false},"author":4,"featured_media":43326,"comment_status":"open","ping_status":"open","sticky":false,"template":"","format":"standard","meta":{"om_disable_all_campaigns":false,"_monsterinsights_skip_tracking":false,"_monsterinsights_sitenote_active":false,"_monsterinsights_sitenote_note":"","_monsterinsights_sitenote_category":0,"footnotes":""},"categories":[175],"tags":[195,223],"class_list":["post-43325","post","type-post","status-publish","format-standard","has-post-thumbnail","hentry","category-local","tag-principal","tag-puebla"],"amp_enabled":true,"_links":{"self":[{"href":"https:\/\/lahora.mx\/index.php\/wp-json\/wp\/v2\/posts\/43325","targetHints":{"allow":["GET"]}}],"collection":[{"href":"https:\/\/lahora.mx\/index.php\/wp-json\/wp\/v2\/posts"}],"about":[{"href":"https:\/\/lahora.mx\/index.php\/wp-json\/wp\/v2\/types\/post"}],"author":[{"embeddable":true,"href":"https:\/\/lahora.mx\/index.php\/wp-json\/wp\/v2\/users\/4"}],"replies":[{"embeddable":true,"href":"https:\/\/lahora.mx\/index.php\/wp-json\/wp\/v2\/comments?post=43325"}],"version-history":[{"count":1,"href":"https:\/\/lahora.mx\/index.php\/wp-json\/wp\/v2\/posts\/43325\/revisions"}],"predecessor-version":[{"id":43327,"href":"https:\/\/lahora.mx\/index.php\/wp-json\/wp\/v2\/posts\/43325\/revisions\/43327"}],"wp:featuredmedia":[{"embeddable":true,"href":"https:\/\/lahora.mx\/index.php\/wp-json\/wp\/v2\/media\/43326"}],"wp:attachment":[{"href":"https:\/\/lahora.mx\/index.php\/wp-json\/wp\/v2\/media?parent=43325"}],"wp:term":[{"taxonomy":"category","embeddable":true,"href":"https:\/\/lahora.mx\/index.php\/wp-json\/wp\/v2\/categories?post=43325"},{"taxonomy":"post_tag","embeddable":true,"href":"https:\/\/lahora.mx\/index.php\/wp-json\/wp\/v2\/tags?post=43325"}],"curies":[{"name":"wp","href":"https:\/\/api.w.org\/{rel}","templated":true}]}}