{"id":43318,"date":"2024-03-20T04:43:12","date_gmt":"2024-03-20T04:43:12","guid":{"rendered":"http:\/\/lahora.mx\/?p=43318"},"modified":"2024-03-20T04:43:13","modified_gmt":"2024-03-20T04:43:13","slug":"sep-puebla-anuncia-fechas-de-vacaciones-de-semana-santa","status":"publish","type":"post","link":"https:\/\/lahora.mx\/index.php\/2024\/03\/20\/sep-puebla-anuncia-fechas-de-vacaciones-de-semana-santa\/","title":{"rendered":"SEP Puebla anuncia fechas de vacaciones de Semana Santa"},"content":{"rendered":"\n<p>La Secretar\u00eda de Educaci\u00f3n P\u00fablica (SEP) inform\u00f3 que en Puebla un mill\u00f3n 670 mil 773 alumnos de educaci\u00f3n obligatoria iniciar\u00e1n el lunes 25 de marzo el periodo vacacional correspondiente y concluir\u00e1 el 5 de abril.<\/p>\n\n\n\n<p>A trav\u00e9s de un comunicado, la dependencia se\u00f1al\u00f3 que, de acuerdo a lo establecido en el calendario oficial 2023-2024, iniciar\u00e1 el periodo vacacional para alumnos de inicial, preescolar, primaria, secundaria y media superior.<\/p>\n\n\n\n<p>Es importante se\u00f1alar que 353 mil 797 estudiantes de Instituciones de Educaci\u00f3n Superior (IES) tambi\u00e9n se agregan a este receso escolar para sumar un total de 2 millones 024 mil 570 alumnos del sistema educativo poblano.<\/p>\n\n\n\n<p>La reanudaci\u00f3n de clases ser\u00e1 el lunes 8 de abril del presente a\u00f1o en el horario habitual de cada nivel educativo.<\/p>\n\n\n\n<p>No obstante, en estas dos semanas, la SEP pide a las y los alumnos que puedan dar continuidad desde sus hogares a las actividades acad\u00e9micas desarrolladas durante el ciclo escolar.<\/p>\n\n\n\n<p>Adem\u00e1s, pide a las madres, padres de familia y tutores que tambi\u00e9n puedan fortalecer la sana convivencia y los valores entre sus hijos.<\/p>\n","protected":false},"excerpt":{"rendered":"<p>La Secretar\u00eda de Educaci\u00f3n P\u00fablica (SEP) inform\u00f3 que en Puebla un mill\u00f3n 670 mil 773 alumnos de educaci\u00f3n obligatoria iniciar\u00e1n el lunes 25 de marzo el periodo vacacional correspondiente y concluir\u00e1 el 5 de abril. A trav\u00e9s de un comunicado, la dependencia se\u00f1al\u00f3 que, de acuerdo a lo establecido en el calendario oficial 2023-2024, iniciar\u00e1 [&hellip;]<\/p>\n","protected":false},"author":4,"featured_media":43319,"comment_status":"open","ping_status":"open","sticky":false,"template":"","format":"standard","meta":{"om_disable_all_campaigns":false,"_monsterinsights_skip_tracking":false,"_monsterinsights_sitenote_active":false,"_monsterinsights_sitenote_note":"","_monsterinsights_sitenote_category":0,"footnotes":""},"categories":[175],"tags":[195,223],"class_list":["post-43318","post","type-post","status-publish","format-standard","has-post-thumbnail","hentry","category-local","tag-principal","tag-puebla"],"amp_enabled":true,"_links":{"self":[{"href":"https:\/\/lahora.mx\/index.php\/wp-json\/wp\/v2\/posts\/43318","targetHints":{"allow":["GET"]}}],"collection":[{"href":"https:\/\/lahora.mx\/index.php\/wp-json\/wp\/v2\/posts"}],"about":[{"href":"https:\/\/lahora.mx\/index.php\/wp-json\/wp\/v2\/types\/post"}],"author":[{"embeddable":true,"href":"https:\/\/lahora.mx\/index.php\/wp-json\/wp\/v2\/users\/4"}],"replies":[{"embeddable":true,"href":"https:\/\/lahora.mx\/index.php\/wp-json\/wp\/v2\/comments?post=43318"}],"version-history":[{"count":1,"href":"https:\/\/lahora.mx\/index.php\/wp-json\/wp\/v2\/posts\/43318\/revisions"}],"predecessor-version":[{"id":43320,"href":"https:\/\/lahora.mx\/index.php\/wp-json\/wp\/v2\/posts\/43318\/revisions\/43320"}],"wp:featuredmedia":[{"embeddable":true,"href":"https:\/\/lahora.mx\/index.php\/wp-json\/wp\/v2\/media\/43319"}],"wp:attachment":[{"href":"https:\/\/lahora.mx\/index.php\/wp-json\/wp\/v2\/media?parent=43318"}],"wp:term":[{"taxonomy":"category","embeddable":true,"href":"https:\/\/lahora.mx\/index.php\/wp-json\/wp\/v2\/categories?post=43318"},{"taxonomy":"post_tag","embeddable":true,"href":"https:\/\/lahora.mx\/index.php\/wp-json\/wp\/v2\/tags?post=43318"}],"curies":[{"name":"wp","href":"https:\/\/api.w.org\/{rel}","templated":true}]}}