{"id":43265,"date":"2024-03-19T19:19:11","date_gmt":"2024-03-19T19:19:11","guid":{"rendered":"http:\/\/lahora.mx\/?p=43265"},"modified":"2024-03-19T19:22:47","modified_gmt":"2024-03-19T19:22:47","slug":"confirma-el-gobernador-salomon-la-muerte-de-dos-personas-tras-volcadura-en-la-mexico-puebla","status":"publish","type":"post","link":"https:\/\/lahora.mx\/index.php\/2024\/03\/19\/confirma-el-gobernador-salomon-la-muerte-de-dos-personas-tras-volcadura-en-la-mexico-puebla\/","title":{"rendered":"Confirma  el gobernador Salom\u00f3n la muerte de dos personas tras volcadura en la M\u00e9xico-Puebla"},"content":{"rendered":"\n<p>El gobernador de Puebla, Sergio Salom\u00f3n C\u00e9spedes Peregrina, confirm\u00f3 el deceso de dos personas que viajaban en el autob\u00fas que sufri\u00f3 una volcadura sobre la autopista M\u00e9xico Puebla el lunes 18 de marzo.<\/p>\n\n\n\n<p>En un inicio, los reportes informaban que hab\u00edan sido cuatro las v\u00edctimas mortales del accidente; sin embargo, el gobernador actualiz\u00f3 las cifras ayer por la noche a trav\u00e9s de su cuenta de X, antes Twitter, en donde ratific\u00f3 que s\u00f3lo hubo dos decesos.<\/p>\n\n\n\n<p>Asimismo, C\u00e9spedes Peregrina actualiz\u00f3 el n\u00famero de heridos, pues en un comunicado anterior se se\u00f1al\u00f3 que hab\u00edan sido 10 las personas heridas, mientras que horas m\u00e1s tarde, el gobernador poblano modific\u00f3 las cifras a 17 lesionados.<\/p>\n\n\n\n<p>\u201cActualizaci\u00f3n sobre el accidente en la M\u00e9xico-Puebla: Seg\u00fan lo indicado en el \u00faltimo reporte, el n\u00famero de lesionados fue de 17, de los cuales 15 ya fueron dados de alta\u201d, comparti\u00f3 el mandatario estatal en redes sociales.<\/p>\n\n\n\n<p>Tambi\u00e9n confirm\u00f3 que las personas que presentaron lesiones en diversos grados fueron trasladadas al Hospital de Alta Especialidad de Ixtapaluca, en el Estado de M\u00e9xico, en donde a\u00fan permanecen ingresadas dos de las 17 que fueron atendidas, mientras que las 15 personas restantes ya fueron dadas de alta.<\/p>\n\n\n\n<p>En un inicio, las cifras preliminares que el gobierno del estado hab\u00eda compartido tras darse a conocer la volcadura de la unidad de transporte p\u00fablico eran cuatro fallecidos y 26 heridos.<\/p>\n\n\n\n<p>El accidente ocurri\u00f3 sobre la autopista M\u00e9xico-Puebla, a la altura de la comunidad de R\u00edo Fr\u00edo, en el municipio de Ixtapaluca, Estado de M\u00e9xico, cuando la unidad con n\u00famero econ\u00f3mico 9475, volc\u00f3 sobre el carril de acotamiento.<\/p>\n\n\n\n<p>Al respecto, el gobernador de Puebla dijo sentirse \u201cconsternado por el tr\u00e1gico accidente ocurrido esta tarde (ayer) en la autopista M\u00e9xico-Puebla (\u2026) Estamos en coordinaci\u00f3n entre autoridades y en contacto con las familias afectadas. Expreso mis m\u00e1s sentidas condolencias a los familiares de las v\u00edctimas. Que descansen en paz\u201d.<\/p>\n","protected":false},"excerpt":{"rendered":"<p>El gobernador de Puebla, Sergio Salom\u00f3n C\u00e9spedes Peregrina, confirm\u00f3 el deceso de dos personas que viajaban en el autob\u00fas que sufri\u00f3 una volcadura sobre la autopista M\u00e9xico Puebla el lunes 18 de marzo. En un inicio, los reportes informaban que hab\u00edan sido cuatro las v\u00edctimas mortales del accidente; sin embargo, el gobernador actualiz\u00f3 las cifras [&hellip;]<\/p>\n","protected":false},"author":4,"featured_media":43270,"comment_status":"open","ping_status":"open","sticky":false,"template":"","format":"standard","meta":{"om_disable_all_campaigns":false,"_monsterinsights_skip_tracking":false,"_monsterinsights_sitenote_active":false,"_monsterinsights_sitenote_note":"","_monsterinsights_sitenote_category":0,"footnotes":""},"categories":[175],"tags":[195],"class_list":["post-43265","post","type-post","status-publish","format-standard","has-post-thumbnail","hentry","category-local","tag-principal"],"amp_enabled":true,"_links":{"self":[{"href":"https:\/\/lahora.mx\/index.php\/wp-json\/wp\/v2\/posts\/43265","targetHints":{"allow":["GET"]}}],"collection":[{"href":"https:\/\/lahora.mx\/index.php\/wp-json\/wp\/v2\/posts"}],"about":[{"href":"https:\/\/lahora.mx\/index.php\/wp-json\/wp\/v2\/types\/post"}],"author":[{"embeddable":true,"href":"https:\/\/lahora.mx\/index.php\/wp-json\/wp\/v2\/users\/4"}],"replies":[{"embeddable":true,"href":"https:\/\/lahora.mx\/index.php\/wp-json\/wp\/v2\/comments?post=43265"}],"version-history":[{"count":1,"href":"https:\/\/lahora.mx\/index.php\/wp-json\/wp\/v2\/posts\/43265\/revisions"}],"predecessor-version":[{"id":43266,"href":"https:\/\/lahora.mx\/index.php\/wp-json\/wp\/v2\/posts\/43265\/revisions\/43266"}],"wp:featuredmedia":[{"embeddable":true,"href":"https:\/\/lahora.mx\/index.php\/wp-json\/wp\/v2\/media\/43270"}],"wp:attachment":[{"href":"https:\/\/lahora.mx\/index.php\/wp-json\/wp\/v2\/media?parent=43265"}],"wp:term":[{"taxonomy":"category","embeddable":true,"href":"https:\/\/lahora.mx\/index.php\/wp-json\/wp\/v2\/categories?post=43265"},{"taxonomy":"post_tag","embeddable":true,"href":"https:\/\/lahora.mx\/index.php\/wp-json\/wp\/v2\/tags?post=43265"}],"curies":[{"name":"wp","href":"https:\/\/api.w.org\/{rel}","templated":true}]}}