{"id":4322,"date":"2022-03-16T22:27:06","date_gmt":"2022-03-16T22:27:06","guid":{"rendered":"http:\/\/lahora.mx\/?p=4322"},"modified":"2022-03-16T22:27:08","modified_gmt":"2022-03-16T22:27:08","slug":"inm-rescata-a-48-extrangeros-en-lara-de-grajales-y-huejotozingo","status":"publish","type":"post","link":"https:\/\/lahora.mx\/index.php\/2022\/03\/16\/inm-rescata-a-48-extrangeros-en-lara-de-grajales-y-huejotozingo\/","title":{"rendered":"INM rescata a 48 extrangeros en Lara de Grajales y huejotozingo"},"content":{"rendered":"\n<p>El Instituto Nacional de Migraci\u00f3n (INM) de la Secretar\u00eda de Gobernaci\u00f3n, identific\u00f3 en dos acciones diferentes, a 48 personas con estancia irregular en nuestro pa\u00eds, en los municipios de Huejotzingo y en Rafael Lara Grajales, en el estado de Puebla.<\/p>\n\n\n\n<p>Este martes, dentro de las acciones de verificaci\u00f3n para atender el flujo migratorio fueron rescatadas 32 personas de origen Cubano, provenientes de un vuelo de Canc\u00fan a Puebla.<\/p>\n\n\n\n<p>De estas personas 13 eran mujeres y 19 hombres, quienes llegaron el lunes al Aeropuerto Internacional de Puebla, ubicado en el municipio de Huejotzingo y fueron trasladados a un hotel, en donde fueron identificados y rescatados.<\/p>\n\n\n\n<p>En una segunda acci\u00f3n, en el municipio de Rafael Lara Grajales, Agentes Federales de Migraci\u00f3n identificaron en la v\u00eda p\u00fablica, a otras 16 personas originarias de Honduras, con estancia irregular en nuestro pa\u00eds, de las cuales 2 son menores de edad y 14 hombres.<\/p>\n\n\n\n<p>Las 48 personas rescatadas fueron trasladadas a la Estaci\u00f3n Migratoria de Puebla, para los fines correspondientes.<\/p>\n\n\n\n<p>En ambas acciones el INM estableci\u00f3 la colaboraci\u00f3n con diversas instancias gubernamentales, para el rescate de estas personas migrantes.<\/p>\n\n\n\n<p>De esta manera, el INM refrenda su compromiso por una migraci\u00f3n segura, ordenada y regular, con pleno respeto y salvaguarda de los derechos de las personas en contexto de movilidad por territorio nacional.<\/p>\n","protected":false},"excerpt":{"rendered":"<p>El Instituto Nacional de Migraci\u00f3n (INM) de la Secretar\u00eda de Gobernaci\u00f3n, identific\u00f3 en dos acciones diferentes, a 48 personas con estancia irregular en nuestro pa\u00eds, en los municipios de Huejotzingo y en Rafael Lara Grajales, en el estado de Puebla. Este martes, dentro de las acciones de verificaci\u00f3n para atender el flujo migratorio fueron rescatadas [&hellip;]<\/p>\n","protected":false},"author":4,"featured_media":4323,"comment_status":"open","ping_status":"open","sticky":false,"template":"","format":"standard","meta":{"om_disable_all_campaigns":false,"_monsterinsights_skip_tracking":false,"_monsterinsights_sitenote_active":false,"_monsterinsights_sitenote_note":"","_monsterinsights_sitenote_category":0,"footnotes":""},"categories":[175],"tags":[],"class_list":["post-4322","post","type-post","status-publish","format-standard","has-post-thumbnail","hentry","category-local"],"amp_enabled":true,"_links":{"self":[{"href":"https:\/\/lahora.mx\/index.php\/wp-json\/wp\/v2\/posts\/4322","targetHints":{"allow":["GET"]}}],"collection":[{"href":"https:\/\/lahora.mx\/index.php\/wp-json\/wp\/v2\/posts"}],"about":[{"href":"https:\/\/lahora.mx\/index.php\/wp-json\/wp\/v2\/types\/post"}],"author":[{"embeddable":true,"href":"https:\/\/lahora.mx\/index.php\/wp-json\/wp\/v2\/users\/4"}],"replies":[{"embeddable":true,"href":"https:\/\/lahora.mx\/index.php\/wp-json\/wp\/v2\/comments?post=4322"}],"version-history":[{"count":1,"href":"https:\/\/lahora.mx\/index.php\/wp-json\/wp\/v2\/posts\/4322\/revisions"}],"predecessor-version":[{"id":4324,"href":"https:\/\/lahora.mx\/index.php\/wp-json\/wp\/v2\/posts\/4322\/revisions\/4324"}],"wp:featuredmedia":[{"embeddable":true,"href":"https:\/\/lahora.mx\/index.php\/wp-json\/wp\/v2\/media\/4323"}],"wp:attachment":[{"href":"https:\/\/lahora.mx\/index.php\/wp-json\/wp\/v2\/media?parent=4322"}],"wp:term":[{"taxonomy":"category","embeddable":true,"href":"https:\/\/lahora.mx\/index.php\/wp-json\/wp\/v2\/categories?post=4322"},{"taxonomy":"post_tag","embeddable":true,"href":"https:\/\/lahora.mx\/index.php\/wp-json\/wp\/v2\/tags?post=4322"}],"curies":[{"name":"wp","href":"https:\/\/api.w.org\/{rel}","templated":true}]}}