{"id":43172,"date":"2024-03-17T19:47:10","date_gmt":"2024-03-17T19:47:10","guid":{"rendered":"http:\/\/lahora.mx\/?p=43172"},"modified":"2024-03-17T19:47:11","modified_gmt":"2024-03-17T19:47:11","slug":"puebla-con-el-octavo-lugar-en-deportacion-de-infantes-poblanos-desde-estados-unidos","status":"publish","type":"post","link":"https:\/\/lahora.mx\/index.php\/2024\/03\/17\/puebla-con-el-octavo-lugar-en-deportacion-de-infantes-poblanos-desde-estados-unidos\/","title":{"rendered":"Puebla, con el octavo lugar en deportaci\u00f3n de infantes poblanos desde Estados Unidos"},"content":{"rendered":"\n<p>Durante el primer mes de a\u00f1o, el n\u00famero de infantes poblanos deportados desde Estados Unidos fue de 67, lo se\u00f1alan las estad\u00edsticas de la Unidad de Pol\u00edtica Migratoria de la Secretar\u00eda de Gobernaci\u00f3n (Segob).<\/p>\n\n\n\n<p>De acuerdo con los datos, exponen que el grupo que m\u00e1s ha tenido deportaciones es el de los hombres, ya que en enero de 2024 fueron retornados 50 varones, ante \u00fanicamente 17 mujeres.<\/p>\n\n\n\n<p>El documento destaca que de los 67 casos, 50 fueron menores de 12 a 17 a\u00f1os; 10 de ellos acompa\u00f1ados y 40 de ellos no acompa\u00f1ados. Mientras que 17 casos fueron peque\u00f1os de 11 a\u00f1os y todos estuvieron acompa\u00f1ados.<\/p>\n\n\n\n<p>A escala nacional, la cifra alcanz\u00f3 a mil 786 menores, de los cuales, mil 204 eran menores de 12 a 17 a\u00f1os y 582 ten\u00edan 11 a\u00f1os.<\/p>\n\n\n\n<p>Ante este panorama, la entidad poblana cerr\u00f3 el primer mes del a\u00f1o en el octavo lugar nacional con m\u00e1s menores devueltos a su territorio de origen, en el periodo referido.<\/p>\n\n\n\n<p>La lista de entidades con mayor registro de repatriaciones la encabeza Chiapas 205, seguido de Tamaulipas con 163, en tercera posici\u00f3n est\u00e1n los estados de Chihuahua, Guerrero y Sinaloa con 145 respectivamente, Guanajuato con 141, Veracruz con 107, Oaxaca con 106 y Michoac\u00e1n con 96 menores deportados.<\/p>\n","protected":false},"excerpt":{"rendered":"<p>Durante el primer mes de a\u00f1o, el n\u00famero de infantes poblanos deportados desde Estados Unidos fue de 67, lo se\u00f1alan las estad\u00edsticas de la Unidad de Pol\u00edtica Migratoria de la Secretar\u00eda de Gobernaci\u00f3n (Segob). De acuerdo con los datos, exponen que el grupo que m\u00e1s ha tenido deportaciones es el de los hombres, ya que [&hellip;]<\/p>\n","protected":false},"author":4,"featured_media":43173,"comment_status":"open","ping_status":"open","sticky":false,"template":"","format":"standard","meta":{"om_disable_all_campaigns":false,"_monsterinsights_skip_tracking":false,"_monsterinsights_sitenote_active":false,"_monsterinsights_sitenote_note":"","_monsterinsights_sitenote_category":0,"footnotes":""},"categories":[175],"tags":[223],"class_list":["post-43172","post","type-post","status-publish","format-standard","has-post-thumbnail","hentry","category-local","tag-puebla"],"amp_enabled":true,"_links":{"self":[{"href":"https:\/\/lahora.mx\/index.php\/wp-json\/wp\/v2\/posts\/43172","targetHints":{"allow":["GET"]}}],"collection":[{"href":"https:\/\/lahora.mx\/index.php\/wp-json\/wp\/v2\/posts"}],"about":[{"href":"https:\/\/lahora.mx\/index.php\/wp-json\/wp\/v2\/types\/post"}],"author":[{"embeddable":true,"href":"https:\/\/lahora.mx\/index.php\/wp-json\/wp\/v2\/users\/4"}],"replies":[{"embeddable":true,"href":"https:\/\/lahora.mx\/index.php\/wp-json\/wp\/v2\/comments?post=43172"}],"version-history":[{"count":1,"href":"https:\/\/lahora.mx\/index.php\/wp-json\/wp\/v2\/posts\/43172\/revisions"}],"predecessor-version":[{"id":43174,"href":"https:\/\/lahora.mx\/index.php\/wp-json\/wp\/v2\/posts\/43172\/revisions\/43174"}],"wp:featuredmedia":[{"embeddable":true,"href":"https:\/\/lahora.mx\/index.php\/wp-json\/wp\/v2\/media\/43173"}],"wp:attachment":[{"href":"https:\/\/lahora.mx\/index.php\/wp-json\/wp\/v2\/media?parent=43172"}],"wp:term":[{"taxonomy":"category","embeddable":true,"href":"https:\/\/lahora.mx\/index.php\/wp-json\/wp\/v2\/categories?post=43172"},{"taxonomy":"post_tag","embeddable":true,"href":"https:\/\/lahora.mx\/index.php\/wp-json\/wp\/v2\/tags?post=43172"}],"curies":[{"name":"wp","href":"https:\/\/api.w.org\/{rel}","templated":true}]}}