{"id":43166,"date":"2024-03-17T17:04:45","date_gmt":"2024-03-17T17:04:45","guid":{"rendered":"http:\/\/lahora.mx\/?p=43166"},"modified":"2024-03-17T17:04:45","modified_gmt":"2024-03-17T17:04:45","slug":"suspenden-vuelos-en-el-aeropuerto-hermanos-serdan-nuevamente-tras-caida-de-ceniza","status":"publish","type":"post","link":"https:\/\/lahora.mx\/index.php\/2024\/03\/17\/suspenden-vuelos-en-el-aeropuerto-hermanos-serdan-nuevamente-tras-caida-de-ceniza\/","title":{"rendered":"Suspenden vuelos en el Aeropuerto Hermanos Serd\u00e1n nuevamente tras ca\u00edda de ceniza"},"content":{"rendered":"\n<p>De nueva cuenta, este domingo 17 de marzo el Aeropuerto Internacional \u201cHermanos Serd\u00e1n\u201d suspendi\u00f3 operaciones debido a la ca\u00edda de ceniza del volc\u00e1n Popocat\u00e9petl.<\/p>\n\n\n\n<p>La aerol\u00ednea Viva Aerobus inform\u00f3 lo anterior a trav\u00e9s de un comunicado: \u201cHoy 17 de marzo a las 06:52 horas, el Aeropuerto de Puebla (PBC) ha suspendido operaciones derivado de trabajos de limpieza por presencia de ceniza volc\u00e1nica sobre la estaci\u00f3n\u201d.<\/p>\n\n\n\n<p>Asimismo, inform\u00f3 que compartir\u00e1n cualquier actualizaci\u00f3n relacionada, as\u00ed como posibles afectaciones a vuelos.<\/p>\n\n\n\n<p>\u201cTe recordamos que si bien fue el aeropuerto de Puebla el que suspendi\u00f3 actividades, esto tiene efectos en vuelos a otros destinos por las rutas y conexiones que las aeronaves afectadas cubren diariamente\u201d, se lee en el comunicado.<\/p>\n\n\n\n<p>Por lo anterior, pidieron a los usuarios que se mantengan al pendiente de los canales digitales de la aerol\u00ednea, como son redes sociales y sitio web http:\/\/bit.ly\/viva-estatus \u201cpara conocer cualquier cambio en tu itinerario de vuelo\u201d.<\/p>\n\n\n\n<p>\u201cLamentamos mucho las molestias que esta situaci\u00f3n pueda ocasionar, estamos comprometidos con tu seguridad y agradecemos tu comprensi\u00f3n ante esta situaci\u00f3n que est\u00e1 fuera de nuestro control; continuamos trabajando para darte el mejor servicio\u201d.<\/p>\n\n\n\n<p>Cabe recordar que desde el 28 de febrero la terminal a\u00e9rea ubicada en Huejotzingo ha tenido que suspender operaciones debido a la ca\u00edda de ceniza.<\/p>\n\n\n\n<p>El pen\u00faltimo cierre temporal del que se tiene registro es del jueves 14 de marzo, cuando Protecci\u00f3n Civil inform\u00f3 la suspensi\u00f3n de actividades desde las 7:00 horas debido a la ca\u00edda de ceniza; las operaciones regresaron a la normalidad a las 10:00 horas.<\/p>\n","protected":false},"excerpt":{"rendered":"<p>De nueva cuenta, este domingo 17 de marzo el Aeropuerto Internacional \u201cHermanos Serd\u00e1n\u201d suspendi\u00f3 operaciones debido a la ca\u00edda de ceniza del volc\u00e1n Popocat\u00e9petl. La aerol\u00ednea Viva Aerobus inform\u00f3 lo anterior a trav\u00e9s de un comunicado: \u201cHoy 17 de marzo a las 06:52 horas, el Aeropuerto de Puebla (PBC) ha suspendido operaciones derivado de trabajos [&hellip;]<\/p>\n","protected":false},"author":4,"featured_media":43167,"comment_status":"open","ping_status":"open","sticky":false,"template":"","format":"standard","meta":{"om_disable_all_campaigns":false,"_monsterinsights_skip_tracking":false,"_monsterinsights_sitenote_active":false,"_monsterinsights_sitenote_note":"","_monsterinsights_sitenote_category":0,"footnotes":""},"categories":[175],"tags":[195,223],"class_list":["post-43166","post","type-post","status-publish","format-standard","has-post-thumbnail","hentry","category-local","tag-principal","tag-puebla"],"amp_enabled":true,"_links":{"self":[{"href":"https:\/\/lahora.mx\/index.php\/wp-json\/wp\/v2\/posts\/43166","targetHints":{"allow":["GET"]}}],"collection":[{"href":"https:\/\/lahora.mx\/index.php\/wp-json\/wp\/v2\/posts"}],"about":[{"href":"https:\/\/lahora.mx\/index.php\/wp-json\/wp\/v2\/types\/post"}],"author":[{"embeddable":true,"href":"https:\/\/lahora.mx\/index.php\/wp-json\/wp\/v2\/users\/4"}],"replies":[{"embeddable":true,"href":"https:\/\/lahora.mx\/index.php\/wp-json\/wp\/v2\/comments?post=43166"}],"version-history":[{"count":1,"href":"https:\/\/lahora.mx\/index.php\/wp-json\/wp\/v2\/posts\/43166\/revisions"}],"predecessor-version":[{"id":43168,"href":"https:\/\/lahora.mx\/index.php\/wp-json\/wp\/v2\/posts\/43166\/revisions\/43168"}],"wp:featuredmedia":[{"embeddable":true,"href":"https:\/\/lahora.mx\/index.php\/wp-json\/wp\/v2\/media\/43167"}],"wp:attachment":[{"href":"https:\/\/lahora.mx\/index.php\/wp-json\/wp\/v2\/media?parent=43166"}],"wp:term":[{"taxonomy":"category","embeddable":true,"href":"https:\/\/lahora.mx\/index.php\/wp-json\/wp\/v2\/categories?post=43166"},{"taxonomy":"post_tag","embeddable":true,"href":"https:\/\/lahora.mx\/index.php\/wp-json\/wp\/v2\/tags?post=43166"}],"curies":[{"name":"wp","href":"https:\/\/api.w.org\/{rel}","templated":true}]}}