{"id":43163,"date":"2024-03-17T17:01:57","date_gmt":"2024-03-17T17:01:57","guid":{"rendered":"http:\/\/lahora.mx\/?p=43163"},"modified":"2024-03-17T17:01:57","modified_gmt":"2024-03-17T17:01:57","slug":"asesinan-a-hombre-en-los-banos-del-mercado-miguel-castulo-alatriste-de-izucar","status":"publish","type":"post","link":"https:\/\/lahora.mx\/index.php\/2024\/03\/17\/asesinan-a-hombre-en-los-banos-del-mercado-miguel-castulo-alatriste-de-izucar\/","title":{"rendered":"Asesinan a hombre en los ba\u00f1os del mercado Miguel C\u00e1stulo Alatriste de Iz\u00facar"},"content":{"rendered":"\n<p>Al interior del mercado Miguel C\u00e1stulo Alatriste asesinaron con arma blanca a un hombre, en pleno centro del municipio de Iz\u00facar de Matamoros.<\/p>\n\n\n\n<p>De acuerdo con los primeros reportes, la v\u00edctima, identificada como Alberto Mart\u00ednez, de 55 a\u00f1os, ingres\u00f3 a los sanitarios del mercado y minutos despu\u00e9s lo vieron en uno de los pasillos pidiendo ayuda.<\/p>\n\n\n\n<p>Locatarios trataron de auxiliarlo, \u201cle dimos un trapo para que se tapara donde sal\u00eda la sangre, \u00e9l dec\u00eda que sent\u00eda que se iba a morir\u201d, expres\u00f3 una vendedora del lugar.<\/p>\n\n\n\n<p>Despu\u00e9s fue trasladado por param\u00e9dicos al Hospital General de Iz\u00facar de Matamoros, donde al llegar su estado era delicado y minutos despu\u00e9s perdi\u00f3 la vida.<\/p>\n\n\n\n<p>Existen dos versiones del hecho, en la primera se presume un intento de asalto, aunque por otro lado se indica que previo al ataque el hoy occiso tuvo una discusi\u00f3n con dos sujetos que lo estaban esperando fuera de los ba\u00f1os p\u00fablicos.<\/p>\n\n\n\n<p>Comerciantes reportaron que pese a la agresi\u00f3n, los polic\u00edas municipales no brindaron el auxilio al afectado ni realizaron un recorrido para la b\u00fasqueda de los presuntos responsables, pese a que el hecho ocurri\u00f3 a una calle de la comandancia municipal.<\/p>\n\n\n\n<p>Hasta el momento se desconoce la identidad de los agresores, pero ser\u00e1n las autoridades quienes empiecen los trabajos de investigaci\u00f3n y esclarecer el hecho.<\/p>\n","protected":false},"excerpt":{"rendered":"<p>Al interior del mercado Miguel C\u00e1stulo Alatriste asesinaron con arma blanca a un hombre, en pleno centro del municipio de Iz\u00facar de Matamoros. De acuerdo con los primeros reportes, la v\u00edctima, identificada como Alberto Mart\u00ednez, de 55 a\u00f1os, ingres\u00f3 a los sanitarios del mercado y minutos despu\u00e9s lo vieron en uno de los pasillos pidiendo [&hellip;]<\/p>\n","protected":false},"author":4,"featured_media":43164,"comment_status":"open","ping_status":"open","sticky":false,"template":"","format":"standard","meta":{"om_disable_all_campaigns":false,"_monsterinsights_skip_tracking":false,"_monsterinsights_sitenote_active":false,"_monsterinsights_sitenote_note":"","_monsterinsights_sitenote_category":0,"footnotes":""},"categories":[175,226],"tags":[223],"class_list":["post-43163","post","type-post","status-publish","format-standard","has-post-thumbnail","hentry","category-local","category-policia","tag-puebla"],"amp_enabled":true,"_links":{"self":[{"href":"https:\/\/lahora.mx\/index.php\/wp-json\/wp\/v2\/posts\/43163","targetHints":{"allow":["GET"]}}],"collection":[{"href":"https:\/\/lahora.mx\/index.php\/wp-json\/wp\/v2\/posts"}],"about":[{"href":"https:\/\/lahora.mx\/index.php\/wp-json\/wp\/v2\/types\/post"}],"author":[{"embeddable":true,"href":"https:\/\/lahora.mx\/index.php\/wp-json\/wp\/v2\/users\/4"}],"replies":[{"embeddable":true,"href":"https:\/\/lahora.mx\/index.php\/wp-json\/wp\/v2\/comments?post=43163"}],"version-history":[{"count":1,"href":"https:\/\/lahora.mx\/index.php\/wp-json\/wp\/v2\/posts\/43163\/revisions"}],"predecessor-version":[{"id":43165,"href":"https:\/\/lahora.mx\/index.php\/wp-json\/wp\/v2\/posts\/43163\/revisions\/43165"}],"wp:featuredmedia":[{"embeddable":true,"href":"https:\/\/lahora.mx\/index.php\/wp-json\/wp\/v2\/media\/43164"}],"wp:attachment":[{"href":"https:\/\/lahora.mx\/index.php\/wp-json\/wp\/v2\/media?parent=43163"}],"wp:term":[{"taxonomy":"category","embeddable":true,"href":"https:\/\/lahora.mx\/index.php\/wp-json\/wp\/v2\/categories?post=43163"},{"taxonomy":"post_tag","embeddable":true,"href":"https:\/\/lahora.mx\/index.php\/wp-json\/wp\/v2\/tags?post=43163"}],"curies":[{"name":"wp","href":"https:\/\/api.w.org\/{rel}","templated":true}]}}