{"id":43138,"date":"2024-03-15T23:22:40","date_gmt":"2024-03-15T23:22:40","guid":{"rendered":"http:\/\/lahora.mx\/?p=43138"},"modified":"2024-03-15T23:22:40","modified_gmt":"2024-03-15T23:22:40","slug":"senado-argentino-rechaza-decretos-economicos-de-emergencia-de-milei","status":"publish","type":"post","link":"https:\/\/lahora.mx\/index.php\/2024\/03\/15\/senado-argentino-rechaza-decretos-economicos-de-emergencia-de-milei\/","title":{"rendered":"Senado argentino rechaza decretos econ\u00f3micos de emergencia de Milei"},"content":{"rendered":"\n<p>Por mayor\u00eda, el Senado de Argentina rechaz\u00f3 el Decreto de Necesidad y Urgencia (DNU) impulsado por el presidente Javier Milei con que decretar\u00eda la desregularizaci\u00f3n de la econom\u00eda del pa\u00eds, compuesto por m\u00e1s de 300 leyes que buscan reformar diferentes mercados y permitir la privatizaci\u00f3n de empresas p\u00fablicas del pa\u00eds.<\/p>\n\n\n\n<p>Fueron en su mayor\u00eda senadores kirchneristas quienes detuvieron el avance de las leyes con 42 votos en contra; votaron a favor de la propuesta los integrantes del partido La Libertad Avanza, donde milita el ahora presidente Milei, quienes junto al grupo oficialista alcanzaron 25 votos a favor.<\/p>\n\n\n\n<p>Sin embargo, la medida a\u00fan deber\u00e1 pasar a la C\u00e1mara de Diputados donde se decidir\u00e1 si el decreto se aprueba o se deroga por ambos grupos parlamentarios.<\/p>\n\n\n\n<p>El DNU que impuls\u00f3 el presidente Milei, y fue votado en contra la noche del jueves14 de marzo por la mayor\u00eda de senadores argentinos, busca eliminar los mecanismos de regulaci\u00f3n y control de diferentes mercados del pa\u00eds.<\/p>\n\n\n\n<p>Entre los sectores econ\u00f3micos involucrados en la medida destacan el sector salud, el sector empresarial y laboral, el mercado aeron\u00e1utico, los medios de comunicaci\u00f3n y empresas que laboran en \u00e9l, adem\u00e1s del mercado deportivo con \u00e9nfasis en el futbol. Tambi\u00e9n se incluye la derogaci\u00f3n de alquileres y la privatizaci\u00f3n de las empresas p\u00fablicas del pa\u00eds.<\/p>\n\n\n\n<p>Milei responde a rechazo del DNU<br>Luego de conocer los resultados que obtuvo su DNU, el presidente Javier Milei respondi\u00f3 a la medida por medio de redes sociales y entrevistas para medios locales, donde llen\u00f3 de calificativos despectivos a los senadores que votaron contra el decreto.<br>\u201cLo que pas\u00f3 deja en evidencia que hay gente que est\u00e1 m\u00e1s preocupada por mantener sus privilegios de casta que sacar a la Argentina adelante\u201d, dijo en una transmisi\u00f3n de radio la noche del jueves pasado.<\/p>\n\n\n\n<p>En redes llam\u00f3 \u201ctraidores a la patria\u201d y \u201cdelincuentes\u201d a quienes no permitieron el avance de sus reformas, adem\u00e1s de reenviarles por la red social X mensajes redactados por sus seguidores en contra los senadores, donde cuestionaron su decisi\u00f3n.<\/p>\n","protected":false},"excerpt":{"rendered":"<p>Por mayor\u00eda, el Senado de Argentina rechaz\u00f3 el Decreto de Necesidad y Urgencia (DNU) impulsado por el presidente Javier Milei con que decretar\u00eda la desregularizaci\u00f3n de la econom\u00eda del pa\u00eds, compuesto por m\u00e1s de 300 leyes que buscan reformar diferentes mercados y permitir la privatizaci\u00f3n de empresas p\u00fablicas del pa\u00eds. Fueron en su mayor\u00eda senadores [&hellip;]<\/p>\n","protected":false},"author":4,"featured_media":43139,"comment_status":"open","ping_status":"open","sticky":false,"template":"","format":"standard","meta":{"om_disable_all_campaigns":false,"_monsterinsights_skip_tracking":false,"_monsterinsights_sitenote_active":false,"_monsterinsights_sitenote_note":"","_monsterinsights_sitenote_category":0,"footnotes":""},"categories":[183],"tags":[],"class_list":["post-43138","post","type-post","status-publish","format-standard","has-post-thumbnail","hentry","category-internacional"],"amp_enabled":true,"_links":{"self":[{"href":"https:\/\/lahora.mx\/index.php\/wp-json\/wp\/v2\/posts\/43138","targetHints":{"allow":["GET"]}}],"collection":[{"href":"https:\/\/lahora.mx\/index.php\/wp-json\/wp\/v2\/posts"}],"about":[{"href":"https:\/\/lahora.mx\/index.php\/wp-json\/wp\/v2\/types\/post"}],"author":[{"embeddable":true,"href":"https:\/\/lahora.mx\/index.php\/wp-json\/wp\/v2\/users\/4"}],"replies":[{"embeddable":true,"href":"https:\/\/lahora.mx\/index.php\/wp-json\/wp\/v2\/comments?post=43138"}],"version-history":[{"count":1,"href":"https:\/\/lahora.mx\/index.php\/wp-json\/wp\/v2\/posts\/43138\/revisions"}],"predecessor-version":[{"id":43140,"href":"https:\/\/lahora.mx\/index.php\/wp-json\/wp\/v2\/posts\/43138\/revisions\/43140"}],"wp:featuredmedia":[{"embeddable":true,"href":"https:\/\/lahora.mx\/index.php\/wp-json\/wp\/v2\/media\/43139"}],"wp:attachment":[{"href":"https:\/\/lahora.mx\/index.php\/wp-json\/wp\/v2\/media?parent=43138"}],"wp:term":[{"taxonomy":"category","embeddable":true,"href":"https:\/\/lahora.mx\/index.php\/wp-json\/wp\/v2\/categories?post=43138"},{"taxonomy":"post_tag","embeddable":true,"href":"https:\/\/lahora.mx\/index.php\/wp-json\/wp\/v2\/tags?post=43138"}],"curies":[{"name":"wp","href":"https:\/\/api.w.org\/{rel}","templated":true}]}}