{"id":43041,"date":"2024-03-14T04:44:03","date_gmt":"2024-03-14T04:44:03","guid":{"rendered":"http:\/\/lahora.mx\/?p=43041"},"modified":"2024-03-14T04:44:04","modified_gmt":"2024-03-14T04:44:04","slug":"preinscripciones-sep-2024-proceso-de-manera-presencial-finaliza-en-marzo","status":"publish","type":"post","link":"https:\/\/lahora.mx\/index.php\/2024\/03\/14\/preinscripciones-sep-2024-proceso-de-manera-presencial-finaliza-en-marzo\/","title":{"rendered":"Preinscripciones SEP 2024: proceso de manera presencial finaliza en marzo"},"content":{"rendered":"\n<p>El proceso de preinscripci\u00f3n en l\u00ednea para el nivel B\u00e1sico y Medio Superior de la Secretar\u00eda de Educaci\u00f3n P\u00fablica (SEP) ha concluido, aunque si te quedaste fuera de \u00e9l, a\u00fan puedes hacerlo de manera presencial. Te decimos c\u00f3mo y hasta cu\u00e1ndo.<\/p>\n\n\n\n<p>De acuerdo con la titular de la SEP en Puebla, Isabel Merlo Talavera, el 29 de febrero fue el \u00faltimo d\u00eda para que los interesados se registraran a trav\u00e9s de las p\u00e1ginas oficiales del gobierno; no obstante, del 1 al 29 de marzo el proceso de preinscripci\u00f3n continuar\u00e1 de manera presencial, puesto que no todos los ciudadanos tienen acceso a Internet.<\/p>\n\n\n\n<p>Ser\u00e1 hasta el 29 de marzo que los interesados podr\u00e1n asistir a cualquiera de las Coordinaciones de Desarrollo Educativo del estado (Corde\u2019s). Te dejamos la lista de las 19 dependencias de este tipo en Puebla a las que podr\u00e1s acudir:<\/p>\n\n\n\n<p>\u00b7 Huauchinango- 1er. Acceso a Catalina s\/n, col. El Potro<br>\u00b7 Chignahuapan- Eduardo Arroyo No. 100 Barrio de Teoconchila, Camino del Cerro de Apapasco<\/p>\n\n\n\n<p>\u00b7 Teziutl\u00e1n- 20 de Noviembre, s\/n, Barrio de Chignaulingo<\/p>\n\n\n\n<p>\u00b7 Libres- Calle 4 Sur No. 1712, Barrio de Tetela<\/p>\n\n\n\n<p>\u00b7 Cholula- 22 Oriente y 10 Norte s\/n, Barrio de Jes\u00fas Tlatempa<\/p>\n\n\n\n<p>\u00b7 Puebla-Poniente- Av. 25 Poniente No. 1302, Col. Rivera de Santiago<\/p>\n\n\n\n<p>\u00b7 Iz\u00facar De Matamoros- CIS -Avenida Oaxaca N\u00famero 1 Barrio San Juan Coahuixtla<\/p>\n\n\n\n<p>\u00b7 Acatl\u00e1n De Osorio- Av. Reforma N\u00b0.94 A, Barrio de San Rafael<\/p>\n\n\n\n<p>\u00b7 Tepeaca- Av. Negrete Poniente No. 113 Col Centro<\/p>\n\n\n\n<p>\u00b7 Tehuac\u00e1n- Carr. Fed. Pue-Tehuacan s\/n Junta Aux. San Lorenzo Teotipilco<\/p>\n\n\n\n<p>\u00b7 Puebla Oriente- Boulevard H\u00e9roes 5 de Mayo, N\u00b0 910 interior 201 y 202, Barrio de Analco<\/p>\n\n\n\n<p>\u00b7 Puebla Norte- Boulevard San Felipe N\u00b0 2600, Esquina Calle Chopo. Col. Gonz\u00e1lez Ortega<\/p>\n\n\n\n<p>\u00b7 Puebla Sur- Av. 25 de Noviembre, s\/n Esq. Corregidora Col. San Baltazar Campeche<\/p>\n\n\n\n<p>\u00b7 Zacapoaxtla- Juan M. Alc\u00e1ntara No. 1 Col. Centro junto a Club de Leones Zacapoaxtla<\/p>\n\n\n\n<p>\u00b7 Cd. Serd\u00e1n- 7 Poniente No. 305 Col. Centro<\/p>\n\n\n\n<p>\u00b7 Atlixco- Calle Constituci\u00f3n N\u00b04 Col. Centro<\/p>\n\n\n\n<p>\u00b7 Tepexi De Rodr\u00edguez- Calle Matamoros No. 35, Barrio San Sebasti\u00e1n<\/p>\n\n\n\n<p>\u00b7 San Mart\u00edn Texmelucan- Calle Topacio esquina Ajusco N\u00b0 1, Col. San Miguel Lardiz\u00e1bal<\/p>\n\n\n\n<p>\u00b7 Zacatl\u00e1n- PrIv 20 de Noviembre, s\/n, Col. El Nogal. Oficina Recursos Humanos y Financieros. Edif CIS Libramiento Carr. Zacatl\u00e1n Chignahuapan s\/n Barrio de San Agust\u00edn<\/p>\n\n\n\n<p>El horario de visita para realizar el proceso ser\u00e1 de lunes a viernes de 9:00 a 15:00 horas; lo \u00fanico que deber\u00e1s presentar al llegar a la Corde\u2019s es la Solicitud Especial de Inscripci\u00f3n (SEI), la cual se puede obtener a trav\u00e9s de la siguiente p\u00e1gina de la SEP Puebla.<\/p>\n\n\n\n<p>Los resultados del proceso para las preinscripciones en Puebla se dar\u00e1n a conocer a partir del 10 de junio a trav\u00e9s de la p\u00e1gina sep.puebla.gob.mx .<\/p>\n","protected":false},"excerpt":{"rendered":"<p>El proceso de preinscripci\u00f3n en l\u00ednea para el nivel B\u00e1sico y Medio Superior de la Secretar\u00eda de Educaci\u00f3n P\u00fablica (SEP) ha concluido, aunque si te quedaste fuera de \u00e9l, a\u00fan puedes hacerlo de manera presencial. Te decimos c\u00f3mo y hasta cu\u00e1ndo. De acuerdo con la titular de la SEP en Puebla, Isabel Merlo Talavera, el [&hellip;]<\/p>\n","protected":false},"author":4,"featured_media":43042,"comment_status":"open","ping_status":"open","sticky":false,"template":"","format":"standard","meta":{"om_disable_all_campaigns":false,"_monsterinsights_skip_tracking":false,"_monsterinsights_sitenote_active":false,"_monsterinsights_sitenote_note":"","_monsterinsights_sitenote_category":0,"footnotes":""},"categories":[176],"tags":[],"class_list":["post-43041","post","type-post","status-publish","format-standard","has-post-thumbnail","hentry","category-nacional"],"amp_enabled":true,"_links":{"self":[{"href":"https:\/\/lahora.mx\/index.php\/wp-json\/wp\/v2\/posts\/43041","targetHints":{"allow":["GET"]}}],"collection":[{"href":"https:\/\/lahora.mx\/index.php\/wp-json\/wp\/v2\/posts"}],"about":[{"href":"https:\/\/lahora.mx\/index.php\/wp-json\/wp\/v2\/types\/post"}],"author":[{"embeddable":true,"href":"https:\/\/lahora.mx\/index.php\/wp-json\/wp\/v2\/users\/4"}],"replies":[{"embeddable":true,"href":"https:\/\/lahora.mx\/index.php\/wp-json\/wp\/v2\/comments?post=43041"}],"version-history":[{"count":1,"href":"https:\/\/lahora.mx\/index.php\/wp-json\/wp\/v2\/posts\/43041\/revisions"}],"predecessor-version":[{"id":43043,"href":"https:\/\/lahora.mx\/index.php\/wp-json\/wp\/v2\/posts\/43041\/revisions\/43043"}],"wp:featuredmedia":[{"embeddable":true,"href":"https:\/\/lahora.mx\/index.php\/wp-json\/wp\/v2\/media\/43042"}],"wp:attachment":[{"href":"https:\/\/lahora.mx\/index.php\/wp-json\/wp\/v2\/media?parent=43041"}],"wp:term":[{"taxonomy":"category","embeddable":true,"href":"https:\/\/lahora.mx\/index.php\/wp-json\/wp\/v2\/categories?post=43041"},{"taxonomy":"post_tag","embeddable":true,"href":"https:\/\/lahora.mx\/index.php\/wp-json\/wp\/v2\/tags?post=43041"}],"curies":[{"name":"wp","href":"https:\/\/api.w.org\/{rel}","templated":true}]}}