{"id":4302,"date":"2022-03-16T13:10:50","date_gmt":"2022-03-16T13:10:50","guid":{"rendered":"http:\/\/lahora.mx\/?p=4302"},"modified":"2022-03-16T13:13:05","modified_gmt":"2022-03-16T13:13:05","slug":"ya-hay-detenidos-por-el-homicidio-de-la-semana-pasada-en-atlixco","status":"publish","type":"post","link":"https:\/\/lahora.mx\/index.php\/2022\/03\/16\/ya-hay-detenidos-por-el-homicidio-de-la-semana-pasada-en-atlixco\/","title":{"rendered":"Ya hay detenidos por el homicidio de la semana pasada en Atlixco"},"content":{"rendered":"\n<p>Dentro de las investigaciones sobre el homicidio de 10 personas en el municipio de Atlixco, el gobierno del estado indic\u00f3 que se tienen detenidos, sin embargo, no se precis\u00f3 el n\u00famero. El mandatario Miguel Barbosa afirm\u00f3 que ya hay personas aprehendidas por los hechos del pasado 8 de marzo, sin embargo, no precis\u00f3 la cantidad ni el perfil. Barbosa resalt\u00f3 que el crimen estar\u00eda ligado a una venganza en contra de la familia que fue ejecutada, la cual era originaria de Veracruz y aparentemente se escond\u00eda en la entidad poblana. \u00abVamos a dar muchos resultados, hay muchos detenidos por el caso particular de estos 10 asesinatos y por todo lo que lleg\u00f3 a constituirse como un escenario de m\u00e1ximo riesgo en esta zona, s\u00ed hay una estrategia. Esta es la venganza, es un pleito entre grupos criminales, los asesinados eran de una familia espec\u00edfica que reci\u00e9n hab\u00eda llegado a Puebla, se instal\u00f3 y andaba al parecer a salto de mata por la actividad il\u00edcita a la que se dedicaban\u00bb. Se\u00f1al\u00f3 que se mantiene constante comunicaci\u00f3n e intercambio de informaci\u00f3n con autoridades estatales de Guerrero y Morelos para eliminar a los grupos de narcomenudeo que operan en la Mixteca, mismos que estar\u00edan provocando la ola de violencia que se vive en dicha regi\u00f3n. Alert\u00f3 que los homicidios dolosos han incrementado en todo el pa\u00eds a consecuencia de la disputa que tienen distintos grupos criminales por el territorio, sin embargo, asegur\u00f3 que ese es un problema que todav\u00eda se puede \u00abencapsular\u00bb en el estado, seg\u00fan el municipio donde ocurre, para evitar que grupos criminales se apoderen de alguna zona espec\u00edfica del estado, a diferencia de lo que ocurre lugares con \u00abcondiciones mucho m\u00e1s complicadas\u00bb como Guerrero y Morelos. De acuerdo con el fiscal general, Gilberto Higuera Bernal, las 10 personas que fueron asesinadas se dedicaban a la venta y distribuci\u00f3n de drogas como el cristal y la marihuana; todas las v\u00edctimas ten\u00edan el tiro de gracia, incluyendo a dos menores de 16 y 14 a\u00f1os de edad. <\/p>\n","protected":false},"excerpt":{"rendered":"<p>Dentro de las investigaciones sobre el homicidio de 10 personas en el municipio de Atlixco, el gobierno del estado indic\u00f3 que se tienen detenidos, sin embargo, no se precis\u00f3 el n\u00famero. El mandatario Miguel Barbosa afirm\u00f3 que ya hay personas aprehendidas por los hechos del pasado 8 de marzo, sin embargo, no precis\u00f3 la cantidad [&hellip;]<\/p>\n","protected":false},"author":4,"featured_media":4306,"comment_status":"open","ping_status":"open","sticky":false,"template":"","format":"standard","meta":{"om_disable_all_campaigns":false,"_monsterinsights_skip_tracking":false,"_monsterinsights_sitenote_active":false,"_monsterinsights_sitenote_note":"","_monsterinsights_sitenote_category":0,"footnotes":""},"categories":[175,226],"tags":[195,223],"class_list":["post-4302","post","type-post","status-publish","format-standard","has-post-thumbnail","hentry","category-local","category-policia","tag-principal","tag-puebla"],"amp_enabled":true,"_links":{"self":[{"href":"https:\/\/lahora.mx\/index.php\/wp-json\/wp\/v2\/posts\/4302","targetHints":{"allow":["GET"]}}],"collection":[{"href":"https:\/\/lahora.mx\/index.php\/wp-json\/wp\/v2\/posts"}],"about":[{"href":"https:\/\/lahora.mx\/index.php\/wp-json\/wp\/v2\/types\/post"}],"author":[{"embeddable":true,"href":"https:\/\/lahora.mx\/index.php\/wp-json\/wp\/v2\/users\/4"}],"replies":[{"embeddable":true,"href":"https:\/\/lahora.mx\/index.php\/wp-json\/wp\/v2\/comments?post=4302"}],"version-history":[{"count":1,"href":"https:\/\/lahora.mx\/index.php\/wp-json\/wp\/v2\/posts\/4302\/revisions"}],"predecessor-version":[{"id":4304,"href":"https:\/\/lahora.mx\/index.php\/wp-json\/wp\/v2\/posts\/4302\/revisions\/4304"}],"wp:featuredmedia":[{"embeddable":true,"href":"https:\/\/lahora.mx\/index.php\/wp-json\/wp\/v2\/media\/4306"}],"wp:attachment":[{"href":"https:\/\/lahora.mx\/index.php\/wp-json\/wp\/v2\/media?parent=4302"}],"wp:term":[{"taxonomy":"category","embeddable":true,"href":"https:\/\/lahora.mx\/index.php\/wp-json\/wp\/v2\/categories?post=4302"},{"taxonomy":"post_tag","embeddable":true,"href":"https:\/\/lahora.mx\/index.php\/wp-json\/wp\/v2\/tags?post=4302"}],"curies":[{"name":"wp","href":"https:\/\/api.w.org\/{rel}","templated":true}]}}