{"id":4299,"date":"2022-03-16T12:53:12","date_gmt":"2022-03-16T12:53:12","guid":{"rendered":"http:\/\/lahora.mx\/?p=4299"},"modified":"2022-03-16T14:37:59","modified_gmt":"2022-03-16T14:37:59","slug":"una-empresa-poblana-estaria-empresa-poblana-estaria-involucrada-en-red-de-lavado-de-dinero-de-el-bronco","status":"publish","type":"post","link":"https:\/\/lahora.mx\/index.php\/2022\/03\/16\/una-empresa-poblana-estaria-empresa-poblana-estaria-involucrada-en-red-de-lavado-de-dinero-de-el-bronco\/","title":{"rendered":"Una Empresa poblana estar\u00eda involucrada en red de lavado de dinero de \u201cEl Bronco\u201d"},"content":{"rendered":"\n<p>El exgobernador de&nbsp;<strong>Nuevo Le\u00f3n<\/strong>, Jaime Rodr\u00edguez Calderon \u00bb El Bronco\u00bbfue arrestado por&nbsp;<strong>malversaci\u00f3n de fondos<\/strong>&nbsp;para su&nbsp;<strong>campa\u00f1a a la presidencia en el 2018<\/strong>, cuando por medio de una<strong>&nbsp;red de empresas<\/strong>&nbsp;particip\u00f3 en toda una&nbsp;<strong>estructura de evasi\u00f3n fiscal<\/strong>&nbsp;que incluso lleg\u00f3 a involucrar a&nbsp;<strong>una empresa de Puebla<\/strong>.<\/p>\n\n\n\n<p>Dentro de la red de sociedades involucradas se encontrar\u00eda&nbsp;<strong>Lechera Tamariz<\/strong>, propiedad de&nbsp;<strong>Emilio Maurer<\/strong>. Adem\u00e1s, el principal operador de la red vinculada a Rodr\u00edguez Calder\u00f3n tambi\u00e9n habr\u00eda tenido cercan\u00eda con el Club Puebla en el 2011.<br><\/p>\n\n\n\n<p><strong>Samuel Garc\u00eda<\/strong>, actual gobernador de&nbsp;<strong>Nuevo Le\u00f3n<\/strong>, es quien realiz\u00f3 la&nbsp;<strong>denuncia desde el 2019<\/strong>&nbsp;y forma parte de su&nbsp;<strong>campa\u00f1a de regeneraci\u00f3n de la clase pol\u00edtica<\/strong>, por lo que asegur\u00f3 que ir\u00e1 tras otros funcionarios del gabinete del exgobernador conocido como<strong>&nbsp;\u201cEl Bronco<\/strong>\u201d.<\/p>\n\n\n\n<p>De acuerdo con una investigaci\u00f3n realizada por&nbsp;<strong>C\u00f3digo Magenta&nbsp;<\/strong>en 2020 y retomada recientemente, se encontr\u00f3 a la empresa&nbsp;<strong>ATTAR 2715 SC<\/strong>&nbsp;encargada de operar la recolecci\u00f3n de firmas para la campa\u00f1a presidencial de \u201cel Bronco\u201d y que&nbsp;<strong>lideraba la red de lavado de dinero<\/strong>&nbsp;donde participaban m\u00e1s de&nbsp;<strong>100 sociedades<\/strong>.<\/p>\n\n\n\n<p>La empresa ten\u00eda su&nbsp;<strong>domicilio fiscal ubicado en Puebla&nbsp;<\/strong>y en su momento el Instituto Nacional Electoral (<strong>INE<\/strong>) la mencion\u00f3 junto a&nbsp;<strong>Grupo Comercial Gruten SA de CV<\/strong>&nbsp;y&nbsp;<strong>Piserra Construcciones SA de CV<\/strong>&nbsp;de financiar la campa\u00f1a de Jaime Rodr\u00edguez como candidato independiente por cerca de&nbsp;<strong>6.6 millones de pesos.<\/strong><br><\/p>\n\n\n\n<p>ATTAR 2715 habr\u00eda recibido&nbsp;<strong>ingresos por 1,422 millones de pesos entre 2016 y 2018<\/strong>, de acuerdo con la investigaci\u00f3n, en una&nbsp;<strong>estructura de triangulaci\u00f3n<\/strong>&nbsp;donde se encontraba la empresa de la Familia Maurer.<\/p>\n\n\n\n<p>Dos de los cinco nodos principales para la transferencia de dinero se daba por medio de las empresas&nbsp;<strong>Servicios Profesionales de Asesor\u00edas de Soluciones Empresariales Metropolitanas SC<\/strong>&nbsp;y&nbsp;<strong>Servicios Profesionales Baal SC.<\/strong><\/p>\n\n\n\n<p>Estas dos habr\u00edan realizado&nbsp;<strong>trasferencias por 81.4 millones de pesos<\/strong>&nbsp;a&nbsp;<strong>Pasteurizadora Maulec S.A. de C.V.,<\/strong>&nbsp;la cual es propiedad de la&nbsp;<strong>familia Maurer en Puebla<\/strong>, indica lo encontrado por C\u00f3digo Magenta.<\/p>\n\n\n\n<p>La familia Maurer tambi\u00e9n destaca por ser durante varios periodos&nbsp;<strong>due\u00f1os del equipo de futbol Puebla<\/strong>, en donde tuvieron la participaci\u00f3n de&nbsp;<strong>Sergio Castro L\u00f3pez<\/strong>, quien es considerado uno de los&nbsp;<strong>presuntos factureros m\u00e1s importantes de M\u00e9xico<\/strong>.<br><\/p>\n\n\n\n<p>Aunque Castro L\u00f3pez se exili\u00f3 en Am\u00e9rica Central por un tiempo tras una investigaci\u00f3n en su contra por el SAT, habr\u00eda regresado para comenzar a operar en Puebla al tener v\u00ednculos con el exgobernador&nbsp;<strong>Mario Mar\u00edn<\/strong>. Junto a esto, tuvo una fuerte relaci\u00f3n con&nbsp;<strong>Cooperativa Cruz Azul,<\/strong>&nbsp;due\u00f1a del equipo Cruz Azul en el futbol mexicano.<\/p>\n\n\n\n<p>Por medio de la empresa&nbsp;<strong>IDN<\/strong>, una consultor\u00eda de negocios, es como habr\u00eda tenido&nbsp;<strong>participaci\u00f3n en el Puebla<\/strong>&nbsp;al ser incluso&nbsp;<strong>uno de los patrocinadores del equipo<\/strong>&nbsp;por algunas temporadas.<\/p>\n\n\n\n<p>Esto culmin\u00f3 con una&nbsp;<strong>investigaci\u00f3n del SAT<\/strong>&nbsp;en contra del&nbsp;<strong>Cruz Azul<\/strong>, el&nbsp;<strong>Puebla<\/strong>&nbsp;y los I<strong>ndios de Ciudad Ju\u00e1rez&nbsp;<\/strong>en el 2011 al estar involucradas en un&nbsp;<strong>esquema de blanqueo de capitales<\/strong>&nbsp;por medio de la empresa&nbsp;<strong>Inteligencia de Negocios<\/strong>, la cual tambi\u00e9n era manejada por Sergio Castro L\u00f3pez.<\/p>\n\n\n\n<p>El reportaje se\u00f1ala que la actividad de&nbsp;<strong>ATTAR 2715<\/strong>&nbsp;involucra&nbsp;<strong>a constructoras, desarrolladoras inmobiliarias, aseguradoras, firmas de gesti\u00f3n de recursos humanos y consultor\u00edas<\/strong>&nbsp;que simulaban&nbsp;<strong>operaciones entre empresas fantasma<\/strong>&nbsp;dedicadas a la&nbsp;<strong>venta de facturas<\/strong>&nbsp;con sociedades reales.<\/p>\n\n\n\n<p>Esta empresa central no fue siempre el destino final de la red de transferencias, al convertirse en un&nbsp;<strong>proceso din\u00e1mico&nbsp;<\/strong>que termin\u00f3 por llamar la atenci\u00f3n de la Unidad de Investigaci\u00f3n Financiera (UIF).<\/p>\n","protected":false},"excerpt":{"rendered":"<p>El exgobernador de&nbsp;Nuevo Le\u00f3n, Jaime Rodr\u00edguez Calderon \u00bb El Bronco\u00bbfue arrestado por&nbsp;malversaci\u00f3n de fondos&nbsp;para su&nbsp;campa\u00f1a a la presidencia en el 2018, cuando por medio de una&nbsp;red de empresas&nbsp;particip\u00f3 en toda una&nbsp;estructura de evasi\u00f3n fiscal&nbsp;que incluso lleg\u00f3 a involucrar a&nbsp;una empresa de Puebla. Dentro de la red de sociedades involucradas se encontrar\u00eda&nbsp;Lechera Tamariz, propiedad de&nbsp;Emilio Maurer. [&hellip;]<\/p>\n","protected":false},"author":4,"featured_media":4300,"comment_status":"open","ping_status":"open","sticky":false,"template":"","format":"standard","meta":{"om_disable_all_campaigns":false,"_monsterinsights_skip_tracking":false,"_monsterinsights_sitenote_active":false,"_monsterinsights_sitenote_note":"","_monsterinsights_sitenote_category":0,"footnotes":""},"categories":[175,176],"tags":[],"class_list":["post-4299","post","type-post","status-publish","format-standard","has-post-thumbnail","hentry","category-local","category-nacional"],"amp_enabled":true,"_links":{"self":[{"href":"https:\/\/lahora.mx\/index.php\/wp-json\/wp\/v2\/posts\/4299","targetHints":{"allow":["GET"]}}],"collection":[{"href":"https:\/\/lahora.mx\/index.php\/wp-json\/wp\/v2\/posts"}],"about":[{"href":"https:\/\/lahora.mx\/index.php\/wp-json\/wp\/v2\/types\/post"}],"author":[{"embeddable":true,"href":"https:\/\/lahora.mx\/index.php\/wp-json\/wp\/v2\/users\/4"}],"replies":[{"embeddable":true,"href":"https:\/\/lahora.mx\/index.php\/wp-json\/wp\/v2\/comments?post=4299"}],"version-history":[{"count":2,"href":"https:\/\/lahora.mx\/index.php\/wp-json\/wp\/v2\/posts\/4299\/revisions"}],"predecessor-version":[{"id":4311,"href":"https:\/\/lahora.mx\/index.php\/wp-json\/wp\/v2\/posts\/4299\/revisions\/4311"}],"wp:featuredmedia":[{"embeddable":true,"href":"https:\/\/lahora.mx\/index.php\/wp-json\/wp\/v2\/media\/4300"}],"wp:attachment":[{"href":"https:\/\/lahora.mx\/index.php\/wp-json\/wp\/v2\/media?parent=4299"}],"wp:term":[{"taxonomy":"category","embeddable":true,"href":"https:\/\/lahora.mx\/index.php\/wp-json\/wp\/v2\/categories?post=4299"},{"taxonomy":"post_tag","embeddable":true,"href":"https:\/\/lahora.mx\/index.php\/wp-json\/wp\/v2\/tags?post=4299"}],"curies":[{"name":"wp","href":"https:\/\/api.w.org\/{rel}","templated":true}]}}