{"id":42983,"date":"2024-03-13T01:40:56","date_gmt":"2024-03-13T01:40:56","guid":{"rendered":"http:\/\/lahora.mx\/?p=42983"},"modified":"2024-03-13T01:40:56","modified_gmt":"2024-03-13T01:40:56","slug":"morena-es-acusada-de-no-respetaron-acuerdos-en-planilla-de-regidores","status":"publish","type":"post","link":"https:\/\/lahora.mx\/index.php\/2024\/03\/13\/morena-es-acusada-de-no-respetaron-acuerdos-en-planilla-de-regidores\/","title":{"rendered":"Morena es acusada de no respetaron acuerdos en planilla de regidores"},"content":{"rendered":"\n<p>El dirigente estatal del Partido Verde Ecologista (PVEM), Jaime Natale Uranga, acus\u00f3 que la dirigencia de Morena no respet\u00f3 los acuerdos en la planilla de regidores y las posiciones pactadas.<\/p>\n\n\n\n<p>En entrevista, Natale Uranga reproch\u00f3 la sustituci\u00f3n de Ricardo Chavero en la planilla de regidores de Jos\u00e9 Chedraui Budib, quien fue reemplazado por Andr\u00e9s Garc\u00eda Viveros.<\/p>\n\n\n\n<p>\u201cEsa planilla que se public\u00f3, el Partido Verde no la firm\u00f3, el Partido Verde firm\u00f3 e ingres\u00f3 al Instituto una planilla que no es la misma que se public\u00f3. Vamos un encuentro con las dirigencias, con nuestro candidato para ver qu\u00e9 pas\u00f3,\u201d afirm\u00f3 el dirigente estatal del Verde Ecologista.<\/p>\n\n\n\n<p>Asimismo, afirm\u00f3 que buscar\u00e1 reunirse este d\u00eda con los l\u00edderes estatales de los partidos de la coalici\u00f3n Seguimos Haciendo Historia \u2013Olga Luc\u00eda Romero Garci-Crespo de Morena y Lizeth S\u00e1nchez Garc\u00eda del Partido del Trabajo (PT), adem\u00e1s del candidato a la alcald\u00eda de Puebla Jos\u00e9 Chedraui Budib\u2013, para saber qu\u00e9 fue lo que pas\u00f3.<\/p>\n\n\n\n<p>\u00abRicardo Chavero no aparece en la lista que publicaron, s\u00ed en la que firm\u00e9 y en la que ingres\u00e9. Esperemos que se aclare porque lo que est\u00e1 ingresando en el Instituto, sellado y firmado por las cinco dirigencias no es lo que se public\u00f3 ayer en la noche\u00bb, a\u00f1adi\u00f3 Natale Uranga.<\/p>\n\n\n\n<p>Sin embargo, concedi\u00f3 que el cambio de nombres en la planilla pudo haberse tratado de \u201cun error de ellos, un error de dedo o un error de nombres\u201d, pues se\u00f1al\u00f3 que no encuentra otra explicaci\u00f3n para el cambio, debido a que no se consult\u00f3 a la dirigencia del PVEM.<\/p>\n\n\n\n<p>En cuanto a una posible ruptura al interior de la coalici\u00f3n en caso de que el cambio se haya realizado sin dialogarlo con las dem\u00e1s dirigencias, Jaime Natale asegur\u00f3 que se tomar\u00e1n decisiones, aunque primero reiter\u00f3 que hablar\u00e1 con el resto de partidos.<br>\u00abTendremos que tomar decisiones, la postura fue muy clara, fue lo acordado, las posiciones del Partido Verde fueron las que se ingresaron en esa planilla. Tendremos que hablar con el resto de los partidos (\u2026) esperemos que hoy se aclare\u00bb indic\u00f3 Natale.<\/p>\n","protected":false},"excerpt":{"rendered":"<p>El dirigente estatal del Partido Verde Ecologista (PVEM), Jaime Natale Uranga, acus\u00f3 que la dirigencia de Morena no respet\u00f3 los acuerdos en la planilla de regidores y las posiciones pactadas. En entrevista, Natale Uranga reproch\u00f3 la sustituci\u00f3n de Ricardo Chavero en la planilla de regidores de Jos\u00e9 Chedraui Budib, quien fue reemplazado por Andr\u00e9s Garc\u00eda [&hellip;]<\/p>\n","protected":false},"author":4,"featured_media":42984,"comment_status":"open","ping_status":"open","sticky":false,"template":"","format":"standard","meta":{"om_disable_all_campaigns":false,"_monsterinsights_skip_tracking":false,"_monsterinsights_sitenote_active":false,"_monsterinsights_sitenote_note":"","_monsterinsights_sitenote_category":0,"footnotes":""},"categories":[176],"tags":[128],"class_list":["post-42983","post","type-post","status-publish","format-standard","has-post-thumbnail","hentry","category-nacional","tag-politics"],"amp_enabled":true,"_links":{"self":[{"href":"https:\/\/lahora.mx\/index.php\/wp-json\/wp\/v2\/posts\/42983","targetHints":{"allow":["GET"]}}],"collection":[{"href":"https:\/\/lahora.mx\/index.php\/wp-json\/wp\/v2\/posts"}],"about":[{"href":"https:\/\/lahora.mx\/index.php\/wp-json\/wp\/v2\/types\/post"}],"author":[{"embeddable":true,"href":"https:\/\/lahora.mx\/index.php\/wp-json\/wp\/v2\/users\/4"}],"replies":[{"embeddable":true,"href":"https:\/\/lahora.mx\/index.php\/wp-json\/wp\/v2\/comments?post=42983"}],"version-history":[{"count":1,"href":"https:\/\/lahora.mx\/index.php\/wp-json\/wp\/v2\/posts\/42983\/revisions"}],"predecessor-version":[{"id":42985,"href":"https:\/\/lahora.mx\/index.php\/wp-json\/wp\/v2\/posts\/42983\/revisions\/42985"}],"wp:featuredmedia":[{"embeddable":true,"href":"https:\/\/lahora.mx\/index.php\/wp-json\/wp\/v2\/media\/42984"}],"wp:attachment":[{"href":"https:\/\/lahora.mx\/index.php\/wp-json\/wp\/v2\/media?parent=42983"}],"wp:term":[{"taxonomy":"category","embeddable":true,"href":"https:\/\/lahora.mx\/index.php\/wp-json\/wp\/v2\/categories?post=42983"},{"taxonomy":"post_tag","embeddable":true,"href":"https:\/\/lahora.mx\/index.php\/wp-json\/wp\/v2\/tags?post=42983"}],"curies":[{"name":"wp","href":"https:\/\/api.w.org\/{rel}","templated":true}]}}