{"id":4291,"date":"2022-03-16T04:25:45","date_gmt":"2022-03-16T04:25:45","guid":{"rendered":"http:\/\/lahora.mx\/?p=4291"},"modified":"2022-03-16T04:28:20","modified_gmt":"2022-03-16T04:28:20","slug":"por-caida-de-nieve-y-accidente-se-paraliza-la-autopista-mexico-puebla","status":"publish","type":"post","link":"https:\/\/lahora.mx\/index.php\/2022\/03\/16\/por-caida-de-nieve-y-accidente-se-paraliza-la-autopista-mexico-puebla\/","title":{"rendered":"Por ca\u00edda de nieve y accidente se paraliza la autopista M\u00e9xico-Puebla"},"content":{"rendered":"\n<p><strong>Caminos y Puentes Federales&nbsp;<\/strong>(CAPUFE) informaron el cierre de circulaci\u00f3n por la ca\u00edda de nieve en la autopista M\u00e9xico-Puebla a la altura de R\u00edo Fr\u00edo con direcci\u00f3n a la CDMX&nbsp;<\/p>\n\n\n\n<p>De la misma forma y debido a estas condiciones se registr\u00f3 un accidente en la&nbsp;<strong>Caseta de San Marcos con direcci\u00f3n a Puebla<\/strong>&nbsp;por lo que la se mantiene&nbsp;<strong>cerrada esta v\u00eda de comunicaci\u00f3n.<\/strong><\/p>\n","protected":false},"excerpt":{"rendered":"<p>Caminos y Puentes Federales&nbsp;(CAPUFE) informaron el cierre de circulaci\u00f3n por la ca\u00edda de nieve en la autopista M\u00e9xico-Puebla a la altura de R\u00edo Fr\u00edo con direcci\u00f3n a la CDMX&nbsp; De la misma forma y debido a estas condiciones se registr\u00f3 un accidente en la&nbsp;Caseta de San Marcos con direcci\u00f3n a Puebla&nbsp;por lo que la se [&hellip;]<\/p>\n","protected":false},"author":4,"featured_media":4292,"comment_status":"open","ping_status":"open","sticky":false,"template":"","format":"standard","meta":{"om_disable_all_campaigns":false,"_monsterinsights_skip_tracking":false,"_monsterinsights_sitenote_active":false,"_monsterinsights_sitenote_note":"","_monsterinsights_sitenote_category":0,"footnotes":""},"categories":[175],"tags":[],"class_list":["post-4291","post","type-post","status-publish","format-standard","has-post-thumbnail","hentry","category-local"],"amp_enabled":true,"_links":{"self":[{"href":"https:\/\/lahora.mx\/index.php\/wp-json\/wp\/v2\/posts\/4291","targetHints":{"allow":["GET"]}}],"collection":[{"href":"https:\/\/lahora.mx\/index.php\/wp-json\/wp\/v2\/posts"}],"about":[{"href":"https:\/\/lahora.mx\/index.php\/wp-json\/wp\/v2\/types\/post"}],"author":[{"embeddable":true,"href":"https:\/\/lahora.mx\/index.php\/wp-json\/wp\/v2\/users\/4"}],"replies":[{"embeddable":true,"href":"https:\/\/lahora.mx\/index.php\/wp-json\/wp\/v2\/comments?post=4291"}],"version-history":[{"count":2,"href":"https:\/\/lahora.mx\/index.php\/wp-json\/wp\/v2\/posts\/4291\/revisions"}],"predecessor-version":[{"id":4295,"href":"https:\/\/lahora.mx\/index.php\/wp-json\/wp\/v2\/posts\/4291\/revisions\/4295"}],"wp:featuredmedia":[{"embeddable":true,"href":"https:\/\/lahora.mx\/index.php\/wp-json\/wp\/v2\/media\/4292"}],"wp:attachment":[{"href":"https:\/\/lahora.mx\/index.php\/wp-json\/wp\/v2\/media?parent=4291"}],"wp:term":[{"taxonomy":"category","embeddable":true,"href":"https:\/\/lahora.mx\/index.php\/wp-json\/wp\/v2\/categories?post=4291"},{"taxonomy":"post_tag","embeddable":true,"href":"https:\/\/lahora.mx\/index.php\/wp-json\/wp\/v2\/tags?post=4291"}],"curies":[{"name":"wp","href":"https:\/\/api.w.org\/{rel}","templated":true}]}}