{"id":42854,"date":"2024-03-10T23:38:30","date_gmt":"2024-03-10T23:38:30","guid":{"rendered":"http:\/\/lahora.mx\/?p=42854"},"modified":"2024-03-10T23:38:31","modified_gmt":"2024-03-10T23:38:31","slug":"milei-anula-aumento-de-sueldo-a-su-gabinete-tras-recibir-criticas","status":"publish","type":"post","link":"https:\/\/lahora.mx\/index.php\/2024\/03\/10\/milei-anula-aumento-de-sueldo-a-su-gabinete-tras-recibir-criticas\/","title":{"rendered":"Milei anula aumento de sueldo a su gabinete tras recibir cr\u00edticas"},"content":{"rendered":"\n<p>Luego de ser criticado por la oposici\u00f3n ante la situaci\u00f3n econ\u00f3mica que guarda el pa\u00eds, el presidente de Argentina Javier Gerardo Milei dio marcha atr\u00e1s al decreto aprobado hace unos d\u00edas con el que pretend\u00eda aumentar el sueldo de los integrantes de su gabinete.<\/p>\n\n\n\n<p>El 29 de febrero, Milei aprob\u00f3 el decreto 206\/2024, con el que autoriz\u00f3 un aumento salarial del 48 por ciento para \u00e9l y los integrantes de su gobierno, en especial a los ministros.<\/p>\n\n\n\n<p>Afirm\u00f3 que esta decisi\u00f3n fue responsabilidad de la expresidenta Cristina Fern\u00e1ndez de Kirchner, por los acuerdos financieros realizados en 2010 y que establec\u00eda \u201cun aumento autom\u00e1tico a la planta pol\u00edtica\u201d.<\/p>\n\n\n\n<p>\u201cVamos a derogar ese decreto y retrotraer cualquier aumento que la planta pol\u00edtica haya percibido. En un momento de crisis como el actual en el que la sociedad argentina est\u00e1 realizando un esfuerzo heroico, los pol\u00edticos tienen que ser los primeros en poner el hombro\u201d, se\u00f1al\u00f3 Milei.<\/p>\n\n\n\n<p>Por su parte, Fern\u00e1ndez de Kirchner lament\u00f3 que el l\u00edder argentino haya intentado lavarse las manos con un presunto pago de pensiones y jubilaci\u00f3n; as\u00ed como en la toma de decisiones que se realizaron durante su gesti\u00f3n.<\/p>\n\n\n\n<p>Actualmente, Argentina atraviesa por una crisis socioecon\u00f3mica, ya que su inflaci\u00f3n supera el 250 por ciento, lo que tiene a la mitad de sus habitantes en situaci\u00f3n de pobreza.<\/p>\n","protected":false},"excerpt":{"rendered":"<p>Luego de ser criticado por la oposici\u00f3n ante la situaci\u00f3n econ\u00f3mica que guarda el pa\u00eds, el presidente de Argentina Javier Gerardo Milei dio marcha atr\u00e1s al decreto aprobado hace unos d\u00edas con el que pretend\u00eda aumentar el sueldo de los integrantes de su gabinete. El 29 de febrero, Milei aprob\u00f3 el decreto 206\/2024, con el [&hellip;]<\/p>\n","protected":false},"author":4,"featured_media":42855,"comment_status":"open","ping_status":"open","sticky":false,"template":"","format":"standard","meta":{"om_disable_all_campaigns":false,"_monsterinsights_skip_tracking":false,"_monsterinsights_sitenote_active":false,"_monsterinsights_sitenote_note":"","_monsterinsights_sitenote_category":0,"footnotes":""},"categories":[183],"tags":[],"class_list":["post-42854","post","type-post","status-publish","format-standard","has-post-thumbnail","hentry","category-internacional"],"amp_enabled":true,"_links":{"self":[{"href":"https:\/\/lahora.mx\/index.php\/wp-json\/wp\/v2\/posts\/42854","targetHints":{"allow":["GET"]}}],"collection":[{"href":"https:\/\/lahora.mx\/index.php\/wp-json\/wp\/v2\/posts"}],"about":[{"href":"https:\/\/lahora.mx\/index.php\/wp-json\/wp\/v2\/types\/post"}],"author":[{"embeddable":true,"href":"https:\/\/lahora.mx\/index.php\/wp-json\/wp\/v2\/users\/4"}],"replies":[{"embeddable":true,"href":"https:\/\/lahora.mx\/index.php\/wp-json\/wp\/v2\/comments?post=42854"}],"version-history":[{"count":1,"href":"https:\/\/lahora.mx\/index.php\/wp-json\/wp\/v2\/posts\/42854\/revisions"}],"predecessor-version":[{"id":42856,"href":"https:\/\/lahora.mx\/index.php\/wp-json\/wp\/v2\/posts\/42854\/revisions\/42856"}],"wp:featuredmedia":[{"embeddable":true,"href":"https:\/\/lahora.mx\/index.php\/wp-json\/wp\/v2\/media\/42855"}],"wp:attachment":[{"href":"https:\/\/lahora.mx\/index.php\/wp-json\/wp\/v2\/media?parent=42854"}],"wp:term":[{"taxonomy":"category","embeddable":true,"href":"https:\/\/lahora.mx\/index.php\/wp-json\/wp\/v2\/categories?post=42854"},{"taxonomy":"post_tag","embeddable":true,"href":"https:\/\/lahora.mx\/index.php\/wp-json\/wp\/v2\/tags?post=42854"}],"curies":[{"name":"wp","href":"https:\/\/api.w.org\/{rel}","templated":true}]}}