{"id":42851,"date":"2024-03-10T23:34:35","date_gmt":"2024-03-10T23:34:35","guid":{"rendered":"http:\/\/lahora.mx\/?p=42851"},"modified":"2024-03-10T23:34:36","modified_gmt":"2024-03-10T23:34:36","slug":"iglesia-catolica-pide-a-presidenciables-buscar-restablecer-la-paz","status":"publish","type":"post","link":"https:\/\/lahora.mx\/index.php\/2024\/03\/10\/iglesia-catolica-pide-a-presidenciables-buscar-restablecer-la-paz\/","title":{"rendered":"Iglesia cat\u00f3lica pide a presidenciables buscar restablecer la paz"},"content":{"rendered":"\n<p>La Iglesia Cat\u00f3lica llam\u00f3 a los candidatos presidenciales Claudia Sheinbaum Pardo, X\u00f3chitl G\u00e1lvez Ruiz y Jorge \u00c1lvarez M\u00e1ynez a comprometerse con la seguridad y la paz en M\u00e9xico e incluir estos temas en sus compromisos de campa\u00f1a.<\/p>\n\n\n\n<p>Lo anterior, a trav\u00e9s del editorial del semanario \u00abDesde la Fe\u00bb, con el que la Conferencia del Episcopado Mexicano (CEM) inst\u00f3 a los tres aspirantes a firmar el \u00abCompromiso Nacional por la Paz\u00bb, elaborado por la instituci\u00f3n religiosa.<\/p>\n\n\n\n<p>La CEM se\u00f1al\u00f3 que, m\u00e1s all\u00e1 del proceso electoral 2023-2024, los interesados en gobernar el pa\u00eds tienen que \u201cmarcar la diferencia\u201d y dejar \u201cun verdadero legado\u201d para las futuras generaciones, devolviendo a la ciudadan\u00eda la tranquilidad que han perdido.<\/p>\n\n\n\n<p>Asimismo, indic\u00f3 que la petici\u00f3n de que las abanderadas de la coalici\u00f3n Fuerza y Coraz\u00f3n por M\u00e9xico (PAN-PRI-PRD), la coalici\u00f3n Sigamos Haciendo Historia (Morena, PT-PVEM) y del representante de Movimiento Ciudadano (MC) firmen su agenda no debe ser un simple acto simb\u00f3lico.<\/p>\n\n\n\n<p>Recalc\u00f3 que una forma de honrar la responsabilidad que obtendr\u00e1n al ganar el voto de la ciudadan\u00eda es garantizar el cumplimiento de sus compromisos, en especial aquellos que tengan que ver con el bienestar de las familias, como la seguridad y la paz.<\/p>\n\n\n\n<p>Hasta el momento, X\u00f3chitl G\u00e1lvez Ruiz y Jorge \u00c1lvarez M\u00e1ynez han confirmado que el d\u00eda de ma\u00f1ana lunes 11 de marzo, firmar\u00e1n el \u201cCompromiso Nacional por la Paz\u201d.<\/p>\n","protected":false},"excerpt":{"rendered":"<p>La Iglesia Cat\u00f3lica llam\u00f3 a los candidatos presidenciales Claudia Sheinbaum Pardo, X\u00f3chitl G\u00e1lvez Ruiz y Jorge \u00c1lvarez M\u00e1ynez a comprometerse con la seguridad y la paz en M\u00e9xico e incluir estos temas en sus compromisos de campa\u00f1a. Lo anterior, a trav\u00e9s del editorial del semanario \u00abDesde la Fe\u00bb, con el que la Conferencia del Episcopado [&hellip;]<\/p>\n","protected":false},"author":4,"featured_media":42852,"comment_status":"open","ping_status":"open","sticky":false,"template":"","format":"standard","meta":{"om_disable_all_campaigns":false,"_monsterinsights_skip_tracking":false,"_monsterinsights_sitenote_active":false,"_monsterinsights_sitenote_note":"","_monsterinsights_sitenote_category":0,"footnotes":""},"categories":[176],"tags":[223],"class_list":["post-42851","post","type-post","status-publish","format-standard","has-post-thumbnail","hentry","category-nacional","tag-puebla"],"amp_enabled":true,"_links":{"self":[{"href":"https:\/\/lahora.mx\/index.php\/wp-json\/wp\/v2\/posts\/42851","targetHints":{"allow":["GET"]}}],"collection":[{"href":"https:\/\/lahora.mx\/index.php\/wp-json\/wp\/v2\/posts"}],"about":[{"href":"https:\/\/lahora.mx\/index.php\/wp-json\/wp\/v2\/types\/post"}],"author":[{"embeddable":true,"href":"https:\/\/lahora.mx\/index.php\/wp-json\/wp\/v2\/users\/4"}],"replies":[{"embeddable":true,"href":"https:\/\/lahora.mx\/index.php\/wp-json\/wp\/v2\/comments?post=42851"}],"version-history":[{"count":1,"href":"https:\/\/lahora.mx\/index.php\/wp-json\/wp\/v2\/posts\/42851\/revisions"}],"predecessor-version":[{"id":42853,"href":"https:\/\/lahora.mx\/index.php\/wp-json\/wp\/v2\/posts\/42851\/revisions\/42853"}],"wp:featuredmedia":[{"embeddable":true,"href":"https:\/\/lahora.mx\/index.php\/wp-json\/wp\/v2\/media\/42852"}],"wp:attachment":[{"href":"https:\/\/lahora.mx\/index.php\/wp-json\/wp\/v2\/media?parent=42851"}],"wp:term":[{"taxonomy":"category","embeddable":true,"href":"https:\/\/lahora.mx\/index.php\/wp-json\/wp\/v2\/categories?post=42851"},{"taxonomy":"post_tag","embeddable":true,"href":"https:\/\/lahora.mx\/index.php\/wp-json\/wp\/v2\/tags?post=42851"}],"curies":[{"name":"wp","href":"https:\/\/api.w.org\/{rel}","templated":true}]}}