{"id":42848,"date":"2024-03-10T16:30:40","date_gmt":"2024-03-10T16:30:40","guid":{"rendered":"http:\/\/lahora.mx\/?p=42848"},"modified":"2024-03-10T16:30:41","modified_gmt":"2024-03-10T16:30:41","slug":"normalistas-de-ayotzinapa-retuvieron-a-10-elementos-de-la-guardia-nacional","status":"publish","type":"post","link":"https:\/\/lahora.mx\/index.php\/2024\/03\/10\/normalistas-de-ayotzinapa-retuvieron-a-10-elementos-de-la-guardia-nacional\/","title":{"rendered":"Normalistas de Ayotzinapa retuvieron a 10 elementos de la Guardia Nacional"},"content":{"rendered":"\n<p>Normalistas de Ayotzinapa retuvieron a por lo menos diez soldados de la Guardia Nacional (GN), luego de que les quitaron dos patrullas y la quemaron en la carretera federal Chilpancingo-Chilapa, en Tixtla, la noche de este s\u00e1bado.<\/p>\n\n\n\n<p>Los diez soldados de la GN fueron liberados minutos despu\u00e9s de que quemaron las patrullas, seg\u00fan fuentes cercanas a las negociaciones.<\/p>\n\n\n\n<p>Alrededor de las 6 de la tarde, un grupo de normalistas retuvo dos patrullas de la GN sobre la carretera federal Chilpancingo-Chilapa, a la altura de Tixtla. Luego se llevaron las unidades a entronque de la carretera con el nuevo libramiento y las quemaron.<\/p>\n\n\n\n<p>Los estudiantes retuvieron a los soldados. En un video que circul\u00f3 en redes sociales se ve c\u00f3mo los estudiantes suben a un soldado a uno de los autobuses donde viajaba y en otro video se observa que los j\u00f3venes liberaron a una agente de la GN.<\/p>\n\n\n\n<p>Esta acci\u00f3n se da a unas horas de que sepultaron a su compa\u00f1ero Yanki Khotan G\u00f3mez Peralta, asesinado la noche del jueves en Chilpancingo por polic\u00edas estatales.<\/p>\n","protected":false},"excerpt":{"rendered":"<p>Normalistas de Ayotzinapa retuvieron a por lo menos diez soldados de la Guardia Nacional (GN), luego de que les quitaron dos patrullas y la quemaron en la carretera federal Chilpancingo-Chilapa, en Tixtla, la noche de este s\u00e1bado. Los diez soldados de la GN fueron liberados minutos despu\u00e9s de que quemaron las patrullas, seg\u00fan fuentes cercanas [&hellip;]<\/p>\n","protected":false},"author":4,"featured_media":42849,"comment_status":"open","ping_status":"open","sticky":false,"template":"","format":"standard","meta":{"om_disable_all_campaigns":false,"_monsterinsights_skip_tracking":false,"_monsterinsights_sitenote_active":false,"_monsterinsights_sitenote_note":"","_monsterinsights_sitenote_category":0,"footnotes":""},"categories":[176],"tags":[223],"class_list":["post-42848","post","type-post","status-publish","format-standard","has-post-thumbnail","hentry","category-nacional","tag-puebla"],"amp_enabled":true,"_links":{"self":[{"href":"https:\/\/lahora.mx\/index.php\/wp-json\/wp\/v2\/posts\/42848","targetHints":{"allow":["GET"]}}],"collection":[{"href":"https:\/\/lahora.mx\/index.php\/wp-json\/wp\/v2\/posts"}],"about":[{"href":"https:\/\/lahora.mx\/index.php\/wp-json\/wp\/v2\/types\/post"}],"author":[{"embeddable":true,"href":"https:\/\/lahora.mx\/index.php\/wp-json\/wp\/v2\/users\/4"}],"replies":[{"embeddable":true,"href":"https:\/\/lahora.mx\/index.php\/wp-json\/wp\/v2\/comments?post=42848"}],"version-history":[{"count":1,"href":"https:\/\/lahora.mx\/index.php\/wp-json\/wp\/v2\/posts\/42848\/revisions"}],"predecessor-version":[{"id":42850,"href":"https:\/\/lahora.mx\/index.php\/wp-json\/wp\/v2\/posts\/42848\/revisions\/42850"}],"wp:featuredmedia":[{"embeddable":true,"href":"https:\/\/lahora.mx\/index.php\/wp-json\/wp\/v2\/media\/42849"}],"wp:attachment":[{"href":"https:\/\/lahora.mx\/index.php\/wp-json\/wp\/v2\/media?parent=42848"}],"wp:term":[{"taxonomy":"category","embeddable":true,"href":"https:\/\/lahora.mx\/index.php\/wp-json\/wp\/v2\/categories?post=42848"},{"taxonomy":"post_tag","embeddable":true,"href":"https:\/\/lahora.mx\/index.php\/wp-json\/wp\/v2\/tags?post=42848"}],"curies":[{"name":"wp","href":"https:\/\/api.w.org\/{rel}","templated":true}]}}