{"id":42835,"date":"2024-03-10T16:03:47","date_gmt":"2024-03-10T16:03:47","guid":{"rendered":"http:\/\/lahora.mx\/?p=42835"},"modified":"2024-03-10T16:03:48","modified_gmt":"2024-03-10T16:03:48","slug":"morena-define-diputaciones-locales-plurinominales-y-mantiene-en-reserva-las-primeras-posiciones","status":"publish","type":"post","link":"https:\/\/lahora.mx\/index.php\/2024\/03\/10\/morena-define-diputaciones-locales-plurinominales-y-mantiene-en-reserva-las-primeras-posiciones\/","title":{"rendered":"Morena define diputaciones locales plurinominales y mantiene en reserva las primeras posiciones"},"content":{"rendered":"\n<p>La Comisi\u00f3n Nacional de Elecciones (CNE) de Morena present\u00f3 la lista de las y los candidatos a diputados locales por el principio de Representaci\u00f3n Proporcional, de cara a la elecci\u00f3n del pr\u00f3ximo 2 de junio.<\/p>\n\n\n\n<p>Sin embargo, se reservaron los primeros lugares del listado, para que la selecci\u00f3n de perfiles se haga de manera directa, pues ser\u00e1n quienes realmente puedan ocupar un espacio al interior del Congreso de Puebla.<\/p>\n\n\n\n<p>La noche del s\u00e1bado 9 de marzo, el partido llev\u00f3 a cabo el proceso de insaculaci\u00f3n en el que salieron sorteadas las personas que ocupar\u00e1n las posiciones plurinominales de la 06 a la 15.<\/p>\n\n\n\n<p>Entre la lista se encuentra Mar\u00eda Teresa Rivera Vivanco, hermana de la exalcaldesa Claudia Rivera Vivanco, as\u00ed como la regidora Carmen Mar\u00eda Palma Ben\u00edtez, quien tambi\u00e9n forma parte de su grupo pol\u00edtico cercano.<\/p>\n\n\n\n<p>Cabe destacar que en la t\u00f3mbola tambi\u00e9n se incluyeron los nombres de morenistas como la activista Ana Lluvia Garc\u00eda Vilchis; el consejero jur\u00eddico de Presidencia, Ren\u00e9 S\u00e1nchez Galindo; y el presidente del Consejo Estatal de Morena, Andr\u00e9s Villegas Mendoza, pero quedaron fuera.<\/p>\n\n\n\n<p>Los primeros cinco lugares ser\u00e1n elegidos mediante acuerdos entre las dirigencias de la coalici\u00f3n Sigamos Haciendo Historia (Morena-PT-PVEM-Panal-FxM), pero deber\u00e1n cumplir con las acciones afirmativas dictadas por el Instituto Nacional Electoral (INE).<\/p>\n\n\n\n<p>En la posici\u00f3n n\u00famero 06 aparece Juliana Isabel Jim\u00e9nez Vel\u00e1squez. En la 07 est\u00e1 el exconsejero estatal del Partido de la Revoluci\u00f3n Democr\u00e1tica (PRD), V\u00edctor Rend\u00f3n Ram\u00edrez.<\/p>\n\n\n\n<p>En el lugar 08 se encuentra V\u00edctor Manuel \u00c1vila Luna; sin embargo, la Comisi\u00f3n Nacional de Elecciones de Morena revisar\u00e1 su postulaci\u00f3n, pues apareci\u00f3 en la lista de cuadros femeninos y podr\u00eda invalidarse.<\/p>\n\n\n\n<p>Los espacios 09, 10 y 11 fueron ocupados por los seguidores de la 4T, Alejandro Robles Mendoza, Mar\u00eda Guadalupe Sandoval Robles y Eduardo Jacinto Guardiola, respectivamente.<\/p>\n\n\n\n<p>En el lugar 12 de la lista se encuentra Mar\u00eda Teresa Rivera Vivanco, hermana de Claudia Rivera Vivanco; en el 13, Oswaldo Soriano \u00c1lvarez; en el 14, la regidora Carmen Mar\u00eda Palma Ben\u00edtez; y en el 15, Iv\u00e1n Ignacio Flores Ram\u00edrez, quien labora en la Secretar\u00eda del Trabajo.<\/p>\n","protected":false},"excerpt":{"rendered":"<p>La Comisi\u00f3n Nacional de Elecciones (CNE) de Morena present\u00f3 la lista de las y los candidatos a diputados locales por el principio de Representaci\u00f3n Proporcional, de cara a la elecci\u00f3n del pr\u00f3ximo 2 de junio. Sin embargo, se reservaron los primeros lugares del listado, para que la selecci\u00f3n de perfiles se haga de manera directa, [&hellip;]<\/p>\n","protected":false},"author":4,"featured_media":42836,"comment_status":"open","ping_status":"open","sticky":false,"template":"","format":"standard","meta":{"om_disable_all_campaigns":false,"_monsterinsights_skip_tracking":false,"_monsterinsights_sitenote_active":false,"_monsterinsights_sitenote_note":"","_monsterinsights_sitenote_category":0,"footnotes":""},"categories":[176,5],"tags":[128],"class_list":["post-42835","post","type-post","status-publish","format-standard","has-post-thumbnail","hentry","category-nacional","category-politica","tag-politics"],"amp_enabled":true,"_links":{"self":[{"href":"https:\/\/lahora.mx\/index.php\/wp-json\/wp\/v2\/posts\/42835","targetHints":{"allow":["GET"]}}],"collection":[{"href":"https:\/\/lahora.mx\/index.php\/wp-json\/wp\/v2\/posts"}],"about":[{"href":"https:\/\/lahora.mx\/index.php\/wp-json\/wp\/v2\/types\/post"}],"author":[{"embeddable":true,"href":"https:\/\/lahora.mx\/index.php\/wp-json\/wp\/v2\/users\/4"}],"replies":[{"embeddable":true,"href":"https:\/\/lahora.mx\/index.php\/wp-json\/wp\/v2\/comments?post=42835"}],"version-history":[{"count":1,"href":"https:\/\/lahora.mx\/index.php\/wp-json\/wp\/v2\/posts\/42835\/revisions"}],"predecessor-version":[{"id":42837,"href":"https:\/\/lahora.mx\/index.php\/wp-json\/wp\/v2\/posts\/42835\/revisions\/42837"}],"wp:featuredmedia":[{"embeddable":true,"href":"https:\/\/lahora.mx\/index.php\/wp-json\/wp\/v2\/media\/42836"}],"wp:attachment":[{"href":"https:\/\/lahora.mx\/index.php\/wp-json\/wp\/v2\/media?parent=42835"}],"wp:term":[{"taxonomy":"category","embeddable":true,"href":"https:\/\/lahora.mx\/index.php\/wp-json\/wp\/v2\/categories?post=42835"},{"taxonomy":"post_tag","embeddable":true,"href":"https:\/\/lahora.mx\/index.php\/wp-json\/wp\/v2\/tags?post=42835"}],"curies":[{"name":"wp","href":"https:\/\/api.w.org\/{rel}","templated":true}]}}