{"id":42807,"date":"2024-03-08T23:47:23","date_gmt":"2024-03-08T23:47:23","guid":{"rendered":"http:\/\/lahora.mx\/?p=42807"},"modified":"2024-03-08T23:47:24","modified_gmt":"2024-03-08T23:47:24","slug":"daniela-mier-se-baja-de-contienda-electoral","status":"publish","type":"post","link":"https:\/\/lahora.mx\/index.php\/2024\/03\/08\/daniela-mier-se-baja-de-contienda-electoral\/","title":{"rendered":"Daniela Mier se \u00abbaja\u00bb de contienda electoral"},"content":{"rendered":"\n<p>El candidato de Morena, PT y Verde por el Senado de la Rep\u00fablica, Ignacio Mier Velasco, anunci\u00f3 que su hija la diputada local Daniela Mier Ba\u00f1uelos renunci\u00f3 a sus aspiraciones pol\u00edticas para apoyarlo de lleno en su campa\u00f1a.<\/p>\n\n\n\n<p>En un video publicado en redes sociales dijo: \u00abElla renunci\u00f3 a hacer una carrera electoral por el momento porque me va ayudar porque es buena hija\u00bb.<\/p>\n\n\n\n<p>El a\u00fan diputado federal recalc\u00f3 que para ayudar no es necesario ostentar un cargo: \u00ablos que quieran un puesto para eso est\u00e1n los mercados\u00bb.<\/p>\n\n\n\n<p>\u00abYo por eso agradezco su entereza, su dignidad, su inteligencia, su compromiso social y que me ayude\u00bb, finaliz\u00f3 Mier Velazco.<\/p>\n","protected":false},"excerpt":{"rendered":"<p>El candidato de Morena, PT y Verde por el Senado de la Rep\u00fablica, Ignacio Mier Velasco, anunci\u00f3 que su hija la diputada local Daniela Mier Ba\u00f1uelos renunci\u00f3 a sus aspiraciones pol\u00edticas para apoyarlo de lleno en su campa\u00f1a. En un video publicado en redes sociales dijo: \u00abElla renunci\u00f3 a hacer una carrera electoral por el [&hellip;]<\/p>\n","protected":false},"author":4,"featured_media":42808,"comment_status":"open","ping_status":"open","sticky":false,"template":"","format":"standard","meta":{"om_disable_all_campaigns":false,"_monsterinsights_skip_tracking":false,"_monsterinsights_sitenote_active":false,"_monsterinsights_sitenote_note":"","_monsterinsights_sitenote_category":0,"footnotes":""},"categories":[175,5],"tags":[142],"class_list":["post-42807","post","type-post","status-publish","format-standard","has-post-thumbnail","hentry","category-local","category-politica","tag-sports"],"amp_enabled":true,"_links":{"self":[{"href":"https:\/\/lahora.mx\/index.php\/wp-json\/wp\/v2\/posts\/42807","targetHints":{"allow":["GET"]}}],"collection":[{"href":"https:\/\/lahora.mx\/index.php\/wp-json\/wp\/v2\/posts"}],"about":[{"href":"https:\/\/lahora.mx\/index.php\/wp-json\/wp\/v2\/types\/post"}],"author":[{"embeddable":true,"href":"https:\/\/lahora.mx\/index.php\/wp-json\/wp\/v2\/users\/4"}],"replies":[{"embeddable":true,"href":"https:\/\/lahora.mx\/index.php\/wp-json\/wp\/v2\/comments?post=42807"}],"version-history":[{"count":1,"href":"https:\/\/lahora.mx\/index.php\/wp-json\/wp\/v2\/posts\/42807\/revisions"}],"predecessor-version":[{"id":42809,"href":"https:\/\/lahora.mx\/index.php\/wp-json\/wp\/v2\/posts\/42807\/revisions\/42809"}],"wp:featuredmedia":[{"embeddable":true,"href":"https:\/\/lahora.mx\/index.php\/wp-json\/wp\/v2\/media\/42808"}],"wp:attachment":[{"href":"https:\/\/lahora.mx\/index.php\/wp-json\/wp\/v2\/media?parent=42807"}],"wp:term":[{"taxonomy":"category","embeddable":true,"href":"https:\/\/lahora.mx\/index.php\/wp-json\/wp\/v2\/categories?post=42807"},{"taxonomy":"post_tag","embeddable":true,"href":"https:\/\/lahora.mx\/index.php\/wp-json\/wp\/v2\/tags?post=42807"}],"curies":[{"name":"wp","href":"https:\/\/api.w.org\/{rel}","templated":true}]}}