{"id":42804,"date":"2024-03-08T23:38:36","date_gmt":"2024-03-08T23:38:36","guid":{"rendered":"http:\/\/lahora.mx\/?p=42804"},"modified":"2024-03-08T23:38:37","modified_gmt":"2024-03-08T23:38:37","slug":"voz-de-los-desaparecidos-marcha-para-exigir-justicia-para-sus-familiares","status":"publish","type":"post","link":"https:\/\/lahora.mx\/index.php\/2024\/03\/08\/voz-de-los-desaparecidos-marcha-para-exigir-justicia-para-sus-familiares\/","title":{"rendered":"Voz de los Desaparecidos marcha para exigir justicia para sus familiares"},"content":{"rendered":"\n<p>En el marco del 8M, el Colectivo Voz de los Desaparecidos realiz\u00f3 una marcha para exigir que las autoridades cumplan con su obligaci\u00f3n y encuentren a las v\u00edctimas de desaparici\u00f3n forzada en el estado de Puebla.<\/p>\n\n\n\n<p>Previo al inicio de la marcha realizada la ma\u00f1ana de este viernes 8 de marzo, el colectivo celebr\u00f3 una misa cat\u00f3lica a las afueras de la Fiscal\u00eda General del Estado (FGE) de Puebla, desde donde parti\u00f3 el contingente rumbo al z\u00f3calo de la ciudad.<\/p>\n\n\n\n<p>Las madres buscadoras expresaron que, durante su b\u00fasqueda, han encontrado refugio en la fe, pues a\u00fan esperan encontrar a sus hijas, hijos y otros familiares que a\u00fan no han sido localizados.<br><\/p>\n\n\n\n<p>El padre Arturo, quien realiz\u00f3 la celebraci\u00f3n de la misa, mencion\u00f3 que este mundo ha preferido sacrificar a las personas por defender a las instituciones, \u00abcomo esta Fiscal\u00eda, que no responde, que deshumaniza. Ha hecho un modo de vivir perverso que no traen justicia, m\u00e1s bien traen sufrimiento\u00bb, expres\u00f3.<\/p>\n\n\n\n<p>Despu\u00e9s de la misa, la marcha avanz\u00f3 sobre el Bulevar 5 de Mayo entre consignas como \u00abVivos se los llevaron, vivos los queremos\u00bb, \u00abNo es un hecho aislado, las desapariciones son cr\u00edmenes de Estado\u00bb y \u00abHasta encontrarles\u00bb.<\/p>\n\n\n\n<p>En entrevista, la activista Mar\u00eda Luisa N\u00fa\u00f1ez Barajas, miembro del colectivo, inform\u00f3 que el 60 por ciento de las carpetas de investigaci\u00f3n que abre la FGE corresponden a delitos contra mujeres.<\/p>\n\n\n\n<p>\u00abDe repente pareciera como un juego hablar de cifras. Ya no importa si es una, si son dos, si son 20. Lo importante es que no deber\u00eda ser ninguna. Y si son 100, no debe ser un motivo para no hacer algo. Tenemos que hacerlo desde el momento en que nos empieza a faltar una\u00bb, mencion\u00f3 Luisa N\u00fa\u00f1ez.<\/p>\n\n\n\n<p>Ante la presencia de diversas mujeres que acudieron a la marcha convocada por el colectivo Voz de los Desaparecidos, Mar\u00eda Luisa realiz\u00f3 un llamado a estar unidas, al mencionar que no debe haber distinci\u00f3n entre mujeres.<\/p>\n\n\n\n<p>\u00abPorque todas somos mujeres, porque no importa si vestimos de blanco, de morado, de rosa o si venimos encueradas o traemos h\u00e1bitos, porque las mujeres somos una y debemos abrazarnos como una sola, por las buscadoras, por las desaparecidas y para que no desaparezcan las que estamos aqu\u00ed, ni una desaparecida m\u00e1s\u00bb, expres\u00f3 N\u00fa\u00f1ez Barajas.<\/p>\n","protected":false},"excerpt":{"rendered":"<p>En el marco del 8M, el Colectivo Voz de los Desaparecidos realiz\u00f3 una marcha para exigir que las autoridades cumplan con su obligaci\u00f3n y encuentren a las v\u00edctimas de desaparici\u00f3n forzada en el estado de Puebla. Previo al inicio de la marcha realizada la ma\u00f1ana de este viernes 8 de marzo, el colectivo celebr\u00f3 una [&hellip;]<\/p>\n","protected":false},"author":4,"featured_media":42805,"comment_status":"open","ping_status":"open","sticky":false,"template":"","format":"standard","meta":{"om_disable_all_campaigns":false,"_monsterinsights_skip_tracking":false,"_monsterinsights_sitenote_active":false,"_monsterinsights_sitenote_note":"","_monsterinsights_sitenote_category":0,"footnotes":""},"categories":[175],"tags":[223],"class_list":["post-42804","post","type-post","status-publish","format-standard","has-post-thumbnail","hentry","category-local","tag-puebla"],"amp_enabled":true,"_links":{"self":[{"href":"https:\/\/lahora.mx\/index.php\/wp-json\/wp\/v2\/posts\/42804","targetHints":{"allow":["GET"]}}],"collection":[{"href":"https:\/\/lahora.mx\/index.php\/wp-json\/wp\/v2\/posts"}],"about":[{"href":"https:\/\/lahora.mx\/index.php\/wp-json\/wp\/v2\/types\/post"}],"author":[{"embeddable":true,"href":"https:\/\/lahora.mx\/index.php\/wp-json\/wp\/v2\/users\/4"}],"replies":[{"embeddable":true,"href":"https:\/\/lahora.mx\/index.php\/wp-json\/wp\/v2\/comments?post=42804"}],"version-history":[{"count":1,"href":"https:\/\/lahora.mx\/index.php\/wp-json\/wp\/v2\/posts\/42804\/revisions"}],"predecessor-version":[{"id":42806,"href":"https:\/\/lahora.mx\/index.php\/wp-json\/wp\/v2\/posts\/42804\/revisions\/42806"}],"wp:featuredmedia":[{"embeddable":true,"href":"https:\/\/lahora.mx\/index.php\/wp-json\/wp\/v2\/media\/42805"}],"wp:attachment":[{"href":"https:\/\/lahora.mx\/index.php\/wp-json\/wp\/v2\/media?parent=42804"}],"wp:term":[{"taxonomy":"category","embeddable":true,"href":"https:\/\/lahora.mx\/index.php\/wp-json\/wp\/v2\/categories?post=42804"},{"taxonomy":"post_tag","embeddable":true,"href":"https:\/\/lahora.mx\/index.php\/wp-json\/wp\/v2\/tags?post=42804"}],"curies":[{"name":"wp","href":"https:\/\/api.w.org\/{rel}","templated":true}]}}