{"id":42798,"date":"2024-03-08T20:50:13","date_gmt":"2024-03-08T20:50:13","guid":{"rendered":"http:\/\/lahora.mx\/?p=42798"},"modified":"2024-03-08T20:50:14","modified_gmt":"2024-03-08T20:50:14","slug":"calidad-del-aire-en-puebla-se-mantiene-en-regular-por-caida-de-ceniza","status":"publish","type":"post","link":"https:\/\/lahora.mx\/index.php\/2024\/03\/08\/calidad-del-aire-en-puebla-se-mantiene-en-regular-por-caida-de-ceniza\/","title":{"rendered":"Calidad del aire en Puebla se mantiene en regular por ca\u00edda de ceniza"},"content":{"rendered":"\n<p>En la zona metropolitana de Puebla, as\u00ed como Atlixco y Tehuac\u00e1n la calidad del aire es regular, sin embargo, San Mart\u00edn Texmelucan supera los par\u00e1metros de la Norma Oficial Mexicana (NOM) aunque los \u00edndices contaminantes contin\u00faan a la baja y son causados por la ceniza del volc\u00e1n Popocat\u00e9petl.<\/p>\n\n\n\n<p>El gobernador de Puebla, Sergio Salom\u00f3n C\u00e9spedes Peregrina, emiti\u00f3 el reporte del sexto d\u00eda de monitoreo de las condiciones del clima que va mejorando en el estado, en el cual se\u00f1al\u00f3 que a\u00fan existe una zona que supera los par\u00e1metros de la NOM a causa de la constante emisi\u00f3n de ceniza volc\u00e1nica.<\/p>\n\n\n\n<p>\u00abHoy, Atlixco y Tehuac\u00e1n salieron del estatus de mala calidad del aire y se ubican en situaci\u00f3n regular. En la Zona Metropolitana, la calidad del aire es regular; solamente en un \u00e1rea se encuentra a un micr\u00f3metro por encima de la NOM\u00bb, se\u00f1al\u00f3 en su cuenta X, antes Twitter.<\/p>\n\n\n\n<p>De acuerdo con las estaciones de monitoreo, en la regi\u00f3n de la Universidad Tecnol\u00f3gica de Puebla (UTP) registra 90 micr\u00f3metros, lo que significa que la calidad del aire es regular.<\/p>\n\n\n\n<p>A trav\u00e9s del Instituto Normal del Estado y Ninfas registr\u00f3 101 micr\u00f3metros, lo que representa un punto por encima de la Norma Oficial Mexicana.<\/p>\n\n\n\n<p>Por su parte, la Secretar\u00eda de Medio Ambiente, Desarrollo Sustentable y Ordenamiento Territorial inform\u00f3 que Atlixco y Tehuac\u00e1n salieron del estatus de mala calidad del aire y se ubicaron en condici\u00f3n regular.<\/p>\n\n\n\n<p>Mientras que San Mart\u00edn Texmelucan supera par\u00e1metros de la NOM, pero no por contaminaci\u00f3n en el aire sino por la constante emisi\u00f3n de ceniza volc\u00e1nica.<\/p>\n\n\n\n<p>\u00abEl total de las estaciones registran bajos niveles de otros contaminantes, como ozono, mon\u00f3xido de carbono y di\u00f3xido de azufre, lo que significa que la atenci\u00f3n contin\u00faa en las emisiones de ceniza del volc\u00e1n\u00bb, comunic\u00f3 la dependencia.<\/p>\n\n\n\n<p>En las \u00faltimas 24 horas, el Centro Nacional de Prevenci\u00f3n de Desastres (Cenapred) registr\u00f3 47 exhalaciones y mil 161 minutos de tremor.<\/p>\n\n\n\n<p>Aunque el sem\u00e1foro de alerta volc\u00e1nica se mantiene en Amarillo Fase 2, en 17 municipios registraron ca\u00edda de ceniza debido a la actividad del Popocat\u00e9petl, tales como:<\/p>\n\n\n\n<p>Puebla<\/p>\n\n\n\n<p>Atlixco<\/p>\n\n\n\n<p>San Mart\u00edn Texmelucan<\/p>\n\n\n\n<p>San Miguel Xoxtla<\/p>\n\n\n\n<p>Huejotzingo<\/p>\n\n\n\n<p>San Nicol\u00e1s de los Ranchos<\/p>\n\n\n\n<p>San Jer\u00f3nimo Tecuanipan<\/p>\n\n\n\n<p>San Gregorio Atzompa<\/p>\n\n\n\n<p>Cuapiaxtla de Madero<\/p>\n\n\n\n<p>Tepeaca<\/p>\n\n\n\n<p>Acajete<\/p>\n\n\n\n<p>Nealtican<\/p>\n\n\n\n<p>San Pedro Cholula<\/p>\n\n\n\n<p>San Andr\u00e9s Cholula<\/p>\n\n\n\n<p>Cuautlancingo<\/p>\n\n\n\n<p>Amozoc<\/p>\n\n\n\n<p>Nopalucan<\/p>\n\n\n\n<p>Las recomendaciones del gobierno estatal a la poblaci\u00f3n son no bajar la guardia con el cuidado de la salud para prevenir enfermedades como conjuntivitis, rinitis al\u00e9rgica y faringitis.<\/p>\n\n\n\n<p>Tambi\u00e9n se pidi\u00f3 contribuir con barrer y recoger la ceniza volc\u00e1nica en bolsas, as\u00ed como no usar agua para tirarla en coladeras ya que puede tapar drenajes. De la misma manera, el gobierno recomend\u00f3 evitar actividades al aire libre, as\u00ed como:<\/p>\n\n\n\n<p>Reducir el uso de veh\u00edculos<\/p>\n\n\n\n<p>No quemar residuos ni pastos<\/p>\n\n\n\n<p>Evitar comer en la v\u00eda p\u00fablica<\/p>\n\n\n\n<p>Respetar el radio de restricci\u00f3n de 12 kil\u00f3metros alrededor del cr\u00e1ter<\/p>\n\n\n\n<p>Usar cubrebocas y gafas en caso de salir<\/p>\n\n\n\n<p>Limitar la exposici\u00f3n al aire libre, en especial para grupos vulnerables<\/p>\n","protected":false},"excerpt":{"rendered":"<p>En la zona metropolitana de Puebla, as\u00ed como Atlixco y Tehuac\u00e1n la calidad del aire es regular, sin embargo, San Mart\u00edn Texmelucan supera los par\u00e1metros de la Norma Oficial Mexicana (NOM) aunque los \u00edndices contaminantes contin\u00faan a la baja y son causados por la ceniza del volc\u00e1n Popocat\u00e9petl. El gobernador de Puebla, Sergio Salom\u00f3n C\u00e9spedes [&hellip;]<\/p>\n","protected":false},"author":4,"featured_media":42799,"comment_status":"open","ping_status":"open","sticky":false,"template":"","format":"standard","meta":{"om_disable_all_campaigns":false,"_monsterinsights_skip_tracking":false,"_monsterinsights_sitenote_active":false,"_monsterinsights_sitenote_note":"","_monsterinsights_sitenote_category":0,"footnotes":""},"categories":[175],"tags":[223],"class_list":["post-42798","post","type-post","status-publish","format-standard","has-post-thumbnail","hentry","category-local","tag-puebla"],"amp_enabled":true,"_links":{"self":[{"href":"https:\/\/lahora.mx\/index.php\/wp-json\/wp\/v2\/posts\/42798","targetHints":{"allow":["GET"]}}],"collection":[{"href":"https:\/\/lahora.mx\/index.php\/wp-json\/wp\/v2\/posts"}],"about":[{"href":"https:\/\/lahora.mx\/index.php\/wp-json\/wp\/v2\/types\/post"}],"author":[{"embeddable":true,"href":"https:\/\/lahora.mx\/index.php\/wp-json\/wp\/v2\/users\/4"}],"replies":[{"embeddable":true,"href":"https:\/\/lahora.mx\/index.php\/wp-json\/wp\/v2\/comments?post=42798"}],"version-history":[{"count":1,"href":"https:\/\/lahora.mx\/index.php\/wp-json\/wp\/v2\/posts\/42798\/revisions"}],"predecessor-version":[{"id":42800,"href":"https:\/\/lahora.mx\/index.php\/wp-json\/wp\/v2\/posts\/42798\/revisions\/42800"}],"wp:featuredmedia":[{"embeddable":true,"href":"https:\/\/lahora.mx\/index.php\/wp-json\/wp\/v2\/media\/42799"}],"wp:attachment":[{"href":"https:\/\/lahora.mx\/index.php\/wp-json\/wp\/v2\/media?parent=42798"}],"wp:term":[{"taxonomy":"category","embeddable":true,"href":"https:\/\/lahora.mx\/index.php\/wp-json\/wp\/v2\/categories?post=42798"},{"taxonomy":"post_tag","embeddable":true,"href":"https:\/\/lahora.mx\/index.php\/wp-json\/wp\/v2\/tags?post=42798"}],"curies":[{"name":"wp","href":"https:\/\/api.w.org\/{rel}","templated":true}]}}