{"id":42795,"date":"2024-03-08T16:38:54","date_gmt":"2024-03-08T16:38:54","guid":{"rendered":"http:\/\/lahora.mx\/?p=42795"},"modified":"2024-03-08T16:38:55","modified_gmt":"2024-03-08T16:38:55","slug":"estas-son-las-calles-que-se-cerraran-y-las-vias-alternas-por-marchas-feministas-en-puebla-capital","status":"publish","type":"post","link":"https:\/\/lahora.mx\/index.php\/2024\/03\/08\/estas-son-las-calles-que-se-cerraran-y-las-vias-alternas-por-marchas-feministas-en-puebla-capital\/","title":{"rendered":"Estas son las calles que se cerrar\u00e1n y las v\u00edas alternas por marchas feministas en Puebla capital"},"content":{"rendered":"\n<p>Este viernes 8 de marzo, D\u00eda Internacional de la Mujer, diversos contingentes recorrer\u00e1n las calles del primer cuadro de la ciudad de Puebla para exigir el acceso al aborto seguro y legal en todos los estados, la erradicaci\u00f3n de la violencia machista, as\u00ed como justicia y perspectiva de g\u00e9nero para sentenciar los feminicidios que siguen impunes. Por ese motivo algunas avenidas permanecer\u00e1n cerradas hasta las 19:00 horas.<\/p>\n\n\n\n<p>Aqu\u00ed te mencionamos cu\u00e1les calles estar\u00e1n cerradas a lo largo del d\u00eda por las marchas feministas en Puebla, as\u00ed como las v\u00edas alternas que se pueden tomar para evitar el congestionamiento vial.<\/p>\n\n\n\n<p>Es de mencionar que Derechos Humanos, la Secretar\u00eda de Seguridad P\u00fablica (SSP) y la Secretar\u00eda de Seguridad Ciudadana (SSC) de Puebla implementar\u00e1n un dispositivo para brindar acompa\u00f1amiento a las personas que participen en las marchas, adem\u00e1s de atender y brindar auxilio en los casos que se requiera.<\/p>\n\n\n\n<p>En la capital, polic\u00edas estatales mujeres brindar\u00e1n resguardo perimetral durante el desplazamiento de los contingentes.<\/p>\n\n\n\n<p>Lo primero que debes saber es que la primera protesta est\u00e1 programada para iniciar a las 10:00 de la ma\u00f1ana, mientras que la \u00faltima estar\u00e1 finalizando aproximadamente a las 20:00 horas.<\/p>\n\n\n\n<p>Cada marcha tendr\u00e1 distintos puntos de salida como: Fiscal\u00eda General del Estado (FGE), inmediaciones de Ciudad Universitaria de la Benem\u00e9rita Universidad Aut\u00f3noma de Puebla (BUAP) y \u201cEl Gallito\u201d en el Paseo Bravo.<\/p>\n\n\n\n<p>8M: calles cerradas y v\u00edas alternas por marchas feministas<br>Compartiremos la lista de los cierres viales<\/p>\n\n\n\n<p>Por lo anterior, la Direcci\u00f3n de Tr\u00e1nsito Municipal inform\u00f3 que habr\u00e1 diferentes cierres a la circulaci\u00f3n en varios puntos de la capital poblana. Estos ser\u00e1n los cierres viales:<\/p>\n\n\n\n<p>13 Sur<br>14 Oriente<br>25 Poniente<br>14 Sur<br>11 Sur<br>7 Poniente-Oriente<br>Avenida Reforma<br>Bulevar 5 de Mayo<br>16 de Septiembre hacia la 31 Oriente<br>Circuito Juan Pablo II<br>Avenida Universidad Aut\u00f3noma de Puebla<br>Avenida San Claudio<br>Bulevar Valsequillo<br>V\u00edas alternas por las marchas feministas en Puebla 2024<br>Al respecto, enlistamos las v\u00edas alternas que se pueden tomar para evitar retrasos:<\/p>\n\n\n\n<p>Diagonal Defensores<br>Bulevar Norte<br>24 Norte &#8211; Sur<br>Bulevar Atlixco<br>Servicio de RUTA se ver\u00e1 afectado<br>Asimismo, se prev\u00e9 que el servicio de RUTA de la L\u00ednea 2 y 3 se ver\u00e1 afectado debido a las marchas.<\/p>\n\n\n\n<p>Por lo que, RUTA en 11 Sur realizar\u00e1n retornos operacionales intermitentes en zona del Paseo Bravo, con afectaci\u00f3n a L\u00ednea 2 y L\u00ednea 3 Diagonal.<\/p>\n\n\n\n<p>En Bulevar 5 de Mayo a las 14:00 horas se prev\u00e9 la suspensi\u00f3n temporal del servicio de L\u00ednea 3 Capu sobre Bulevar 5 de Mayo.<\/p>\n\n\n\n<p>Las unidades circular\u00e1n por Bulevar Valsequillo-11 Sur-Norte-Diagonal Defensores y China Poblana hacia la Capu, esto hasta la liberaci\u00f3n de circulaci\u00f3n por parte de la autoridad vial.<\/p>\n\n\n\n<p>8M: calles cerradas y v\u00edas alternas por marchas feministas<br>\u00bfCu\u00e1les ser\u00e1n las marchas?<\/p>\n\n\n\n<p>Las integrantes del Colectivo Voz de los Desaparecidos encabezar\u00e1n una marcha pac\u00edfica. El punto de encuentro ser\u00e1 a las 10:00 horas en la Fiscal\u00eda General del Estado.<br>Frente Feminista Radical Puebla y Bloque Negro convoc\u00f3 a la marcha separatista. A las 15:00 horas partir\u00e1 de la FGE mismo sitio para llegar al Congreso del estado, en ese punto dar\u00e1n lectura a un pliego y realizar\u00e1n un pase de lista por las v\u00edctimas de feminicidio.<br>El Frente Nacional contra la Violencia Vicaria tambi\u00e9n realizar\u00e1 una marcha. La colectiva se va a reunir en el reloj del Gallito, en el Paseo Bravo, a las 15:00 horas para llegar a la FGE.<br>Organizaciones Red Define, Cafis, Aborto Legal Puebla, Ddeser Puebla, Red Morada, saldr\u00e1n a las 17:00 horas del reloj El Gallito, en el Paseo Bravo; pasar\u00e1n por el Congreso local y la Catedral para llegar a la FGE.<\/p>\n","protected":false},"excerpt":{"rendered":"<p>Este viernes 8 de marzo, D\u00eda Internacional de la Mujer, diversos contingentes recorrer\u00e1n las calles del primer cuadro de la ciudad de Puebla para exigir el acceso al aborto seguro y legal en todos los estados, la erradicaci\u00f3n de la violencia machista, as\u00ed como justicia y perspectiva de g\u00e9nero para sentenciar los feminicidios que siguen [&hellip;]<\/p>\n","protected":false},"author":4,"featured_media":42796,"comment_status":"open","ping_status":"open","sticky":false,"template":"","format":"standard","meta":{"om_disable_all_campaigns":false,"_monsterinsights_skip_tracking":false,"_monsterinsights_sitenote_active":false,"_monsterinsights_sitenote_note":"","_monsterinsights_sitenote_category":0,"footnotes":""},"categories":[175],"tags":[195,223],"class_list":["post-42795","post","type-post","status-publish","format-standard","has-post-thumbnail","hentry","category-local","tag-principal","tag-puebla"],"amp_enabled":true,"_links":{"self":[{"href":"https:\/\/lahora.mx\/index.php\/wp-json\/wp\/v2\/posts\/42795","targetHints":{"allow":["GET"]}}],"collection":[{"href":"https:\/\/lahora.mx\/index.php\/wp-json\/wp\/v2\/posts"}],"about":[{"href":"https:\/\/lahora.mx\/index.php\/wp-json\/wp\/v2\/types\/post"}],"author":[{"embeddable":true,"href":"https:\/\/lahora.mx\/index.php\/wp-json\/wp\/v2\/users\/4"}],"replies":[{"embeddable":true,"href":"https:\/\/lahora.mx\/index.php\/wp-json\/wp\/v2\/comments?post=42795"}],"version-history":[{"count":1,"href":"https:\/\/lahora.mx\/index.php\/wp-json\/wp\/v2\/posts\/42795\/revisions"}],"predecessor-version":[{"id":42797,"href":"https:\/\/lahora.mx\/index.php\/wp-json\/wp\/v2\/posts\/42795\/revisions\/42797"}],"wp:featuredmedia":[{"embeddable":true,"href":"https:\/\/lahora.mx\/index.php\/wp-json\/wp\/v2\/media\/42796"}],"wp:attachment":[{"href":"https:\/\/lahora.mx\/index.php\/wp-json\/wp\/v2\/media?parent=42795"}],"wp:term":[{"taxonomy":"category","embeddable":true,"href":"https:\/\/lahora.mx\/index.php\/wp-json\/wp\/v2\/categories?post=42795"},{"taxonomy":"post_tag","embeddable":true,"href":"https:\/\/lahora.mx\/index.php\/wp-json\/wp\/v2\/tags?post=42795"}],"curies":[{"name":"wp","href":"https:\/\/api.w.org\/{rel}","templated":true}]}}