{"id":42770,"date":"2024-03-07T22:32:39","date_gmt":"2024-03-07T22:32:39","guid":{"rendered":"http:\/\/lahora.mx\/?p=42770"},"modified":"2024-03-07T22:32:40","modified_gmt":"2024-03-07T22:32:40","slug":"xochitl-galvez-ninguna-mujer-debe-de-ser-criminalizada-por-abortar","status":"publish","type":"post","link":"https:\/\/lahora.mx\/index.php\/2024\/03\/07\/xochitl-galvez-ninguna-mujer-debe-de-ser-criminalizada-por-abortar\/","title":{"rendered":"X\u00f3chitl G\u00e1lvez: Ninguna mujer debe de ser criminalizada por abortar"},"content":{"rendered":"\n<p>La candidata presidencial del PAN, PRI y PRD, X\u00f3chitl G\u00e1lvez, afirm\u00f3 que ninguna mujer debe ser criminalizada por abortar, y se\u00f1al\u00f3 que al respecto ya existe una jurisprudencia de la Suprema Corte de Justicia de la Naci\u00f3n (SCJN), por lo tanto la ley debe ser respetada.<\/p>\n\n\n\n<p>La Suprema Corte se ha pronunciado sobre este tema, no habr\u00e1 un paso atr\u00e1s en un derecho de las mujeres. No estoy de acuerdo en criminalizar a ninguna mujer\u201d, indic\u00f3 ante una pregunta expresa.<\/p>\n\n\n\n<p>Previo a la conmemoraci\u00f3n del D\u00eda Internacional de la Mujer, este 8 de marzo, la abanderada de la Coalici\u00f3n Fuerza y Coraz\u00f3n por M\u00e9xico, expuso que cualquiera de sus colaboradores que agreda o insulte a alguna mujer, ser\u00e1 cesado de inmediato.<br>A la interrogante de s\u00ed interpondr\u00e1 una demanda por violencia pol\u00edtica de g\u00e9nero en contra de Epigmenio Ibarra, vocero de Claudia Sheinbaum, quien la llam\u00f3 \u201cesperpento\u201d, dijo que no lo har\u00e1 y que corresponder\u00e1 a esta persona hacerse cargo de sus dichos contra las mujeres.<\/p>\n\n\n\n<p>El que se atreva en mi equipo a agredir a una mujer, ser\u00e1 cesado de inmediato. Epigmenio agrede a mujeres, y no se atreve con hombres, pero no voy a proceder\u201d, X\u00f3chitl G\u00e1lvez.<\/p>\n\n\n\n<p>X\u00f3chitl G\u00e1lvez record\u00f3 que cuando el expresidente Vicente Fox, tuvo expresiones discriminatorias contra Sheinbaum y Mariana Rodr\u00edguez, esposa del gobernador de Nuevo Le\u00f3n, Samuel Garc\u00eda, ella reprob\u00f3 las declaraciones, aun cuando ello le vali\u00f3 el enojo de Fox.<\/p>\n\n\n\n<p>La candidata presidencial de oposici\u00f3n, celebr\u00f3 este 7 de marzo el D\u00eda del Huipil, portando uno de estos trajes t\u00edpicos de color rosa, dise\u00f1ado por Irene Encarnaci\u00f3n, de la regi\u00f3n Mixe de Oaxaca.<\/p>\n\n\n\n<p>Con este atuendo, X\u00f3chitl G\u00e1lvez realiz\u00f3 un recorrido a pie por Iztapalapa, por las calles donde caminaba cuando rentaba un cuarto en la colonia Escuadr\u00f3n 201, y se trasladaba a la UNAM, donde estudiaba ingenier\u00eda.<\/p>\n\n\n\n<p>La candidata presidencial de oposici\u00f3n detall\u00f3 su propuesta de un Sistema Nacional de Cuidados, el cual tiene el prop\u00f3sito de apoyar a mujeres responsables de sus hijos y de los adultos mayores.<\/p>\n\n\n\n<p>Este sistema consta de regresar la estancias infantiles, las escuelas de tiempo completo, crear las aldeas de saber para que los menores aprendan artes, habilidades y destrezas deportivas.<\/p>\n\n\n\n<p>Asimismo contempla la creaci\u00f3n de la Universidad para la Vida, para los adultos mayores que desean seguir aprendiendo, mientras sus hijas trabajan, as\u00ed como un esquema de apoyo para la salud mental.<\/p>\n","protected":false},"excerpt":{"rendered":"<p>La candidata presidencial del PAN, PRI y PRD, X\u00f3chitl G\u00e1lvez, afirm\u00f3 que ninguna mujer debe ser criminalizada por abortar, y se\u00f1al\u00f3 que al respecto ya existe una jurisprudencia de la Suprema Corte de Justicia de la Naci\u00f3n (SCJN), por lo tanto la ley debe ser respetada. La Suprema Corte se ha pronunciado sobre este tema, [&hellip;]<\/p>\n","protected":false},"author":4,"featured_media":42771,"comment_status":"open","ping_status":"open","sticky":false,"template":"","format":"standard","meta":{"om_disable_all_campaigns":false,"_monsterinsights_skip_tracking":false,"_monsterinsights_sitenote_active":false,"_monsterinsights_sitenote_note":"","_monsterinsights_sitenote_category":0,"footnotes":""},"categories":[175],"tags":[223],"class_list":["post-42770","post","type-post","status-publish","format-standard","has-post-thumbnail","hentry","category-local","tag-puebla"],"amp_enabled":true,"_links":{"self":[{"href":"https:\/\/lahora.mx\/index.php\/wp-json\/wp\/v2\/posts\/42770","targetHints":{"allow":["GET"]}}],"collection":[{"href":"https:\/\/lahora.mx\/index.php\/wp-json\/wp\/v2\/posts"}],"about":[{"href":"https:\/\/lahora.mx\/index.php\/wp-json\/wp\/v2\/types\/post"}],"author":[{"embeddable":true,"href":"https:\/\/lahora.mx\/index.php\/wp-json\/wp\/v2\/users\/4"}],"replies":[{"embeddable":true,"href":"https:\/\/lahora.mx\/index.php\/wp-json\/wp\/v2\/comments?post=42770"}],"version-history":[{"count":1,"href":"https:\/\/lahora.mx\/index.php\/wp-json\/wp\/v2\/posts\/42770\/revisions"}],"predecessor-version":[{"id":42772,"href":"https:\/\/lahora.mx\/index.php\/wp-json\/wp\/v2\/posts\/42770\/revisions\/42772"}],"wp:featuredmedia":[{"embeddable":true,"href":"https:\/\/lahora.mx\/index.php\/wp-json\/wp\/v2\/media\/42771"}],"wp:attachment":[{"href":"https:\/\/lahora.mx\/index.php\/wp-json\/wp\/v2\/media?parent=42770"}],"wp:term":[{"taxonomy":"category","embeddable":true,"href":"https:\/\/lahora.mx\/index.php\/wp-json\/wp\/v2\/categories?post=42770"},{"taxonomy":"post_tag","embeddable":true,"href":"https:\/\/lahora.mx\/index.php\/wp-json\/wp\/v2\/tags?post=42770"}],"curies":[{"name":"wp","href":"https:\/\/api.w.org\/{rel}","templated":true}]}}