{"id":42766,"date":"2024-03-07T22:15:26","date_gmt":"2024-03-07T22:15:26","guid":{"rendered":"http:\/\/lahora.mx\/?p=42766"},"modified":"2024-03-07T22:15:26","modified_gmt":"2024-03-07T22:15:26","slug":"guadalupe-leal-no-participara-en-las-elecciones-pan-le-niega-reeleccion","status":"publish","type":"post","link":"https:\/\/lahora.mx\/index.php\/2024\/03\/07\/guadalupe-leal-no-participara-en-las-elecciones-pan-le-niega-reeleccion\/","title":{"rendered":"Guadalupe Leal no participar\u00e1 en las elecciones: PAN le niega reelecci\u00f3n"},"content":{"rendered":"\n<p>La diputada local Guadalupe Leal Rodr\u00edguez confirm\u00f3 que no participar\u00e1 en la elecci\u00f3n del 2 de junio, ya que las autoridades partidistas de Acci\u00f3n Nacional (PAN) le negaron el espacio para buscar su reelecci\u00f3n.<\/p>\n\n\n\n<p>Lo anterior a pesar de la legisladora logr\u00f3 la aprobaci\u00f3n Ley de Movilidad y Seguridad Vial del Estado de Puebla y la incorporaci\u00f3n de ecotecnolog\u00edas en la Ley de Vivienda estatal; adem\u00e1s, ha buscado la optimizaci\u00f3n del trabajo en el Congreso local a trav\u00e9s de acuerdos legislativos.<\/p>\n\n\n\n<p>En un video compartido en sus redes sociales, critic\u00f3 que el m\u00e9todo de designaci\u00f3n de candidaturas de los partidos pol\u00edticos no tome en cuenta la opini\u00f3n de las militancias y la ciudadan\u00eda, algo que, confi\u00f3, cambiar\u00e1 con el tiempo.<\/p>\n\n\n\n<p>Lament\u00f3 que, en la actualidad, los espacios de participaci\u00f3n p\u00fablica est\u00e9n condicionados por ciertos grupos pol\u00edticos o dependan de acuerdos cupulares e intereses de poder, lo que limita la selecci\u00f3n de perfiles capaces.<\/p>\n\n\n\n<p>\u201cLa decisi\u00f3n de que no participara en las elecciones de este 2024 fue de los \u00f3rganos partidistas y no de un m\u00e9todo o proceso de selecci\u00f3n donde las y los militantes, o la ciudadan\u00eda en general, fueran quienes lo decidieran, circunstancia que se repite en todos los partidos y que considero importante evolucionar\u201d, detall\u00f3.<\/p>\n\n\n\n<p>A\u00f1adi\u00f3 que esta din\u00e1mica de selecci\u00f3n de candidatas y candidatos tambi\u00e9n promueve que los diputados locales y federales, as\u00ed como senadores, prefieran dejar de lado sus agendas legislativas para \u201cquedar bien con gobernadores y alcaldes en turno\u201d, a fin de garantizar la continuidad de su carrera pol\u00edtica.<\/p>\n\n\n\n<p>Leal Rodr\u00edguez defendi\u00f3 que, desde su arribo a la LXI Legislatura en septiembre de 2021, busc\u00f3 abanderar las causas ciudadanas como la movilidad, el mejoramiento del transporte p\u00fablico, arbolado urbano, bienestar animal, imagen urbana e institucional y el rescate de r\u00edos.<\/p>\n\n\n\n<p>\u201cTodo esto no fue suficiente para los \u00f3rganos partidistas. Tengan la certeza que seguiremos participando para dignificar el ejercicio de la pol\u00edtica, del activismo y del emprendimiento social (\u2026). Seguir\u00e9 en Acci\u00f3n Nacional\u201d, afirm\u00f3 la diputada.<\/p>\n\n\n\n<p>La noche del martes 5 de marzo, el regidor panista Marvin Fernando Sarur Hern\u00e1ndez critic\u00f3 el proceso interno del PAN para seleccionar a sus candidatos de cara a la elecci\u00f3n del 2 de junio, al insinuar que es irregular.<\/p>\n\n\n\n<p>Inform\u00f3 que, aunque se inscribi\u00f3 en la convocatoria para buscar su reelecci\u00f3n como regidor, se bajar\u00eda de la contienda porque los resultados \u201cya ten\u00edan nombre y apellido\u201d.<\/p>\n","protected":false},"excerpt":{"rendered":"<p>La diputada local Guadalupe Leal Rodr\u00edguez confirm\u00f3 que no participar\u00e1 en la elecci\u00f3n del 2 de junio, ya que las autoridades partidistas de Acci\u00f3n Nacional (PAN) le negaron el espacio para buscar su reelecci\u00f3n. Lo anterior a pesar de la legisladora logr\u00f3 la aprobaci\u00f3n Ley de Movilidad y Seguridad Vial del Estado de Puebla y [&hellip;]<\/p>\n","protected":false},"author":4,"featured_media":42767,"comment_status":"open","ping_status":"open","sticky":false,"template":"","format":"standard","meta":{"om_disable_all_campaigns":false,"_monsterinsights_skip_tracking":false,"_monsterinsights_sitenote_active":false,"_monsterinsights_sitenote_note":"","_monsterinsights_sitenote_category":0,"footnotes":""},"categories":[175],"tags":[223],"class_list":["post-42766","post","type-post","status-publish","format-standard","has-post-thumbnail","hentry","category-local","tag-puebla"],"amp_enabled":true,"_links":{"self":[{"href":"https:\/\/lahora.mx\/index.php\/wp-json\/wp\/v2\/posts\/42766","targetHints":{"allow":["GET"]}}],"collection":[{"href":"https:\/\/lahora.mx\/index.php\/wp-json\/wp\/v2\/posts"}],"about":[{"href":"https:\/\/lahora.mx\/index.php\/wp-json\/wp\/v2\/types\/post"}],"author":[{"embeddable":true,"href":"https:\/\/lahora.mx\/index.php\/wp-json\/wp\/v2\/users\/4"}],"replies":[{"embeddable":true,"href":"https:\/\/lahora.mx\/index.php\/wp-json\/wp\/v2\/comments?post=42766"}],"version-history":[{"count":1,"href":"https:\/\/lahora.mx\/index.php\/wp-json\/wp\/v2\/posts\/42766\/revisions"}],"predecessor-version":[{"id":42768,"href":"https:\/\/lahora.mx\/index.php\/wp-json\/wp\/v2\/posts\/42766\/revisions\/42768"}],"wp:featuredmedia":[{"embeddable":true,"href":"https:\/\/lahora.mx\/index.php\/wp-json\/wp\/v2\/media\/42767"}],"wp:attachment":[{"href":"https:\/\/lahora.mx\/index.php\/wp-json\/wp\/v2\/media?parent=42766"}],"wp:term":[{"taxonomy":"category","embeddable":true,"href":"https:\/\/lahora.mx\/index.php\/wp-json\/wp\/v2\/categories?post=42766"},{"taxonomy":"post_tag","embeddable":true,"href":"https:\/\/lahora.mx\/index.php\/wp-json\/wp\/v2\/tags?post=42766"}],"curies":[{"name":"wp","href":"https:\/\/api.w.org\/{rel}","templated":true}]}}