{"id":42762,"date":"2024-03-07T22:08:32","date_gmt":"2024-03-07T22:08:32","guid":{"rendered":"http:\/\/lahora.mx\/?p=42762"},"modified":"2024-03-07T22:09:16","modified_gmt":"2024-03-07T22:09:16","slug":"aeropuerto-hermanos-serdan-reanuda-operaciones","status":"publish","type":"post","link":"https:\/\/lahora.mx\/index.php\/2024\/03\/07\/aeropuerto-hermanos-serdan-reanuda-operaciones\/","title":{"rendered":"Reanudan operaciones en el aeropuerto \u00abHermanos Serd\u00e1n\u00bb"},"content":{"rendered":"\n<p>Las operaciones en el Aeropuerto Hermanos Serd\u00e1n fueron reestablecidas cerca de las 13:00 horas de este jueves 7 de marzo, inform\u00f3 el gobernador del estado Sergio Salom\u00f3n C\u00e9spedes Peregrina.<\/p>\n\n\n\n<p>A trav\u00e9s de un post en la red social X, antes Twitter, el mandatario estatal dio a conocer que las actividades en el aeropuerto ubicado en Huejotzingo han regresado a la normalidad, luego de la continua ca\u00edda de ceniza proveniente del volc\u00e1n Popocat\u00e9petl.<\/p>\n\n\n\n<p>\u201cMe informan que han sido restablecidas las operaciones del Aeropuerto Internacional \u2018Hermanos Serd\u00e1n\u2019. #Puebla #Popocat\u00e9petl\u201d, comparti\u00f3 C\u00e9spedes Peregrina.<\/p>\n\n\n\n<p>Luego de que la ma\u00f1ana de este jueves se informara que no se declar\u00f3 contingencia ambiental en Puebla debido a que los niveles de Ozono no son tan altos como en la Ciudad de M\u00e9xico, pues el \u00fanico elemento fuera de la NOM son precisamente las emisiones del volc\u00e1n.<\/p>\n\n\n\n<p>Sin embargo, debido a las continuas expulsiones de ceniza que ha realizado el Popocat\u00e9petl, las actividades del aeropuerto poblano se vieron interrumpidas debido al barrido de la pista de rodaje y las plataformas.<\/p>\n\n\n\n<p>\u201cA las 07:00 horas fueron suspendidas las operaciones en el Aeropuerto Internacional \u00abHermanos Serd\u00e1n\u00bb. En estos momentos se realizan trabajos de barrido de la totalidad de la pista, rodajes y plataformas (comercial y aviaci\u00f3n general) por la contaminaci\u00f3n de ceniza volc\u00e1nica,\u201d apunt\u00f3 el gobierno de Puebla a trav\u00e9s de un comunicado.<\/p>\n","protected":false},"excerpt":{"rendered":"<p>Las operaciones en el Aeropuerto Hermanos Serd\u00e1n fueron reestablecidas cerca de las 13:00 horas de este jueves 7 de marzo, inform\u00f3 el gobernador del estado Sergio Salom\u00f3n C\u00e9spedes Peregrina. A trav\u00e9s de un post en la red social X, antes Twitter, el mandatario estatal dio a conocer que las actividades en el aeropuerto ubicado en [&hellip;]<\/p>\n","protected":false},"author":4,"featured_media":42763,"comment_status":"open","ping_status":"open","sticky":false,"template":"","format":"standard","meta":{"om_disable_all_campaigns":false,"_monsterinsights_skip_tracking":false,"_monsterinsights_sitenote_active":false,"_monsterinsights_sitenote_note":"","_monsterinsights_sitenote_category":0,"footnotes":""},"categories":[175],"tags":[223],"class_list":["post-42762","post","type-post","status-publish","format-standard","has-post-thumbnail","hentry","category-local","tag-puebla"],"amp_enabled":true,"_links":{"self":[{"href":"https:\/\/lahora.mx\/index.php\/wp-json\/wp\/v2\/posts\/42762","targetHints":{"allow":["GET"]}}],"collection":[{"href":"https:\/\/lahora.mx\/index.php\/wp-json\/wp\/v2\/posts"}],"about":[{"href":"https:\/\/lahora.mx\/index.php\/wp-json\/wp\/v2\/types\/post"}],"author":[{"embeddable":true,"href":"https:\/\/lahora.mx\/index.php\/wp-json\/wp\/v2\/users\/4"}],"replies":[{"embeddable":true,"href":"https:\/\/lahora.mx\/index.php\/wp-json\/wp\/v2\/comments?post=42762"}],"version-history":[{"count":2,"href":"https:\/\/lahora.mx\/index.php\/wp-json\/wp\/v2\/posts\/42762\/revisions"}],"predecessor-version":[{"id":42765,"href":"https:\/\/lahora.mx\/index.php\/wp-json\/wp\/v2\/posts\/42762\/revisions\/42765"}],"wp:featuredmedia":[{"embeddable":true,"href":"https:\/\/lahora.mx\/index.php\/wp-json\/wp\/v2\/media\/42763"}],"wp:attachment":[{"href":"https:\/\/lahora.mx\/index.php\/wp-json\/wp\/v2\/media?parent=42762"}],"wp:term":[{"taxonomy":"category","embeddable":true,"href":"https:\/\/lahora.mx\/index.php\/wp-json\/wp\/v2\/categories?post=42762"},{"taxonomy":"post_tag","embeddable":true,"href":"https:\/\/lahora.mx\/index.php\/wp-json\/wp\/v2\/tags?post=42762"}],"curies":[{"name":"wp","href":"https:\/\/api.w.org\/{rel}","templated":true}]}}