{"id":42732,"date":"2024-03-07T15:41:08","date_gmt":"2024-03-07T15:41:08","guid":{"rendered":"http:\/\/lahora.mx\/?p=42732"},"modified":"2024-03-07T15:41:09","modified_gmt":"2024-03-07T15:41:09","slug":"mejora-calidad-del-aire-en-puebla-3","status":"publish","type":"post","link":"https:\/\/lahora.mx\/index.php\/2024\/03\/07\/mejora-calidad-del-aire-en-puebla-3\/","title":{"rendered":"Mejora calidad del aire en Puebla"},"content":{"rendered":"\n<p>Despu\u00e9s de casi una semana de mala calidad del aire en la Zona Metropolitana de Puebla, esta present\u00f3 una ligera mejor\u00eda que se espera contin\u00fae a lo largo del d\u00eda, aunque los niveles contaminantes a\u00fan superan los par\u00e1metros de la Norma Oficial Mexicana (NOM).<\/p>\n\n\n\n<p>As\u00ed lo inform\u00f3 el gobernador Sergio Salom\u00f3n C\u00e9spedes Peregrina, quien descart\u00f3 que la mala calidad del aire corresponda a altos niveles de ozono en el ambiente.<\/p>\n\n\n\n<p>Situaci\u00f3n que se registra la Ciudad de M\u00e9xico para aplicar la contingencia ambiental a causa de la contaminaci\u00f3n por otros factores, mientras que en Puebla s\u00f3lo \u00abhay un elemento fuera de la NOM derivado principalmente de las emisiones del volc\u00e1n Popocat\u00e9petl\u00bb, se\u00f1al\u00f3 el mandatario estatal.<\/p>\n\n\n\n<p>En el caso de la Zona Metropolitana, los niveles en la calidad del aire presentaron una mejor\u00eda desde las 6:00 de la ma\u00f1ana de este jueves 7 de marzo, siendo la causa el incremento de ca\u00edda de ceniza del volc\u00e1n Popocat\u00e9petl.<\/p>\n\n\n\n<p>\u00abHoy se observa una mejor\u00eda progresiva en la calidad del aire en la Zona Metropolitana (\u2026) Es importante informarles que en Puebla no se registran altos niveles de ozono en el ambiente, lo que motiv\u00f3 contingencia en la CDMX. Son circunstancias atmosf\u00e9ricas totalmente distintas\u00bb, argument\u00f3 C\u00e9spedes Peregrina.<\/p>\n\n\n\n<p>Adem\u00e1s, indic\u00f3 que hasta el momento no se registran casos en aumento de personas con enfermedades respiratorias a causa de la ca\u00edda de ceniza, de acuerdo con el reporte de la Secretar\u00eda de Salud.<\/p>\n\n\n\n<p>Sin embargo, reiter\u00f3 el llamado a la poblaci\u00f3n para usar cubrebocas y gafas en caso de salir y evitar actividades al aire libre principalmente grupos vulnerables.<\/p>\n\n\n\n<p>Aeropuerto Hermanos Serd\u00e1n suspende actividades<br>No obstante, la mejora en la calidad del aire, fueron suspendidas las operaciones en el Aeropuerto Internacional \u00abHermanos Serd\u00e1n\u00bb desde las 07:00 horas de este jueves.<\/p>\n\n\n\n<p>Estas podr\u00edan reanudarse despu\u00e9s de la conclusi\u00f3n de los trabajos de barrido de la pista, rodajes y plataformas tanto de giro comercial como aviaci\u00f3n general, debido a la ca\u00edda de ceniza volc\u00e1nica.<\/p>\n\n\n\n<p>Actividad del volc\u00e1n Popocat\u00e9petl<br>De acuerdo con el reporte del Centro Nacional de Prevenci\u00f3n de Desastres (Cenapred) en las \u00faltimas 24 horas el volc\u00e1n Popocat\u00e9petl registr\u00f3 52 exhalaciones y mil 30 minutos de tremor; adem\u00e1s que el sem\u00e1foro de alerta volc\u00e1nica permanece en Amarillo Fase 2.<\/p>\n\n\n\n<p>Algunos municipios registraron ca\u00edda de ceniza como Puebla capital, San Andr\u00e9s, Santa Isabel y San Pedro Cholula, Amozoc, Cuautlancingo, Tlaltenango, Atlixco, Tochimilco, Tepatlaxco, Cuapiaxtla, Rafael Lara Grajales, Tepeaca, Tianguismanalco, Nopalucan, Acajete y San Jos\u00e9 Chiapa.<\/p>\n\n\n\n<p>Mala calidad del aire en Puebla<\/p>\n\n\n\n<p>Desde el pasado domingo 3 de marzo la red estatal de monitoreo atmosf\u00e9rico emiti\u00f3 el primer reporte que la calidad del aire no era satisfactoria por la ca\u00edda de ceniza.<\/p>\n\n\n\n<p>La exhalaci\u00f3n de gases y ceniza del volc\u00e1n provocaron que el martes 5 de marzo en Puebla estuviera a punto de aplicar el Hoy no circula debido a la contingencia ambiental, por lo que la recomendaci\u00f3n fue reducir el uso de veh\u00edculos.<\/p>\n","protected":false},"excerpt":{"rendered":"<p>Despu\u00e9s de casi una semana de mala calidad del aire en la Zona Metropolitana de Puebla, esta present\u00f3 una ligera mejor\u00eda que se espera contin\u00fae a lo largo del d\u00eda, aunque los niveles contaminantes a\u00fan superan los par\u00e1metros de la Norma Oficial Mexicana (NOM). As\u00ed lo inform\u00f3 el gobernador Sergio Salom\u00f3n C\u00e9spedes Peregrina, quien descart\u00f3 [&hellip;]<\/p>\n","protected":false},"author":4,"featured_media":42733,"comment_status":"open","ping_status":"open","sticky":false,"template":"","format":"standard","meta":{"om_disable_all_campaigns":false,"_monsterinsights_skip_tracking":false,"_monsterinsights_sitenote_active":false,"_monsterinsights_sitenote_note":"","_monsterinsights_sitenote_category":0,"footnotes":""},"categories":[175],"tags":[223],"class_list":["post-42732","post","type-post","status-publish","format-standard","has-post-thumbnail","hentry","category-local","tag-puebla"],"amp_enabled":true,"_links":{"self":[{"href":"https:\/\/lahora.mx\/index.php\/wp-json\/wp\/v2\/posts\/42732","targetHints":{"allow":["GET"]}}],"collection":[{"href":"https:\/\/lahora.mx\/index.php\/wp-json\/wp\/v2\/posts"}],"about":[{"href":"https:\/\/lahora.mx\/index.php\/wp-json\/wp\/v2\/types\/post"}],"author":[{"embeddable":true,"href":"https:\/\/lahora.mx\/index.php\/wp-json\/wp\/v2\/users\/4"}],"replies":[{"embeddable":true,"href":"https:\/\/lahora.mx\/index.php\/wp-json\/wp\/v2\/comments?post=42732"}],"version-history":[{"count":1,"href":"https:\/\/lahora.mx\/index.php\/wp-json\/wp\/v2\/posts\/42732\/revisions"}],"predecessor-version":[{"id":42734,"href":"https:\/\/lahora.mx\/index.php\/wp-json\/wp\/v2\/posts\/42732\/revisions\/42734"}],"wp:featuredmedia":[{"embeddable":true,"href":"https:\/\/lahora.mx\/index.php\/wp-json\/wp\/v2\/media\/42733"}],"wp:attachment":[{"href":"https:\/\/lahora.mx\/index.php\/wp-json\/wp\/v2\/media?parent=42732"}],"wp:term":[{"taxonomy":"category","embeddable":true,"href":"https:\/\/lahora.mx\/index.php\/wp-json\/wp\/v2\/categories?post=42732"},{"taxonomy":"post_tag","embeddable":true,"href":"https:\/\/lahora.mx\/index.php\/wp-json\/wp\/v2\/tags?post=42732"}],"curies":[{"name":"wp","href":"https:\/\/api.w.org\/{rel}","templated":true}]}}