{"id":42722,"date":"2024-03-07T02:05:31","date_gmt":"2024-03-07T02:05:31","guid":{"rendered":"http:\/\/lahora.mx\/?p=42722"},"modified":"2024-03-07T02:05:31","modified_gmt":"2024-03-07T02:05:31","slug":"presidente-de-congreso-edgar-garmendia-llama-a-analizar-lineamientos-para-candidaturas-indigenas","status":"publish","type":"post","link":"https:\/\/lahora.mx\/index.php\/2024\/03\/07\/presidente-de-congreso-edgar-garmendia-llama-a-analizar-lineamientos-para-candidaturas-indigenas\/","title":{"rendered":"Presidente de Congreso Edgar Garmendia llama a analizar lineamientos para candidaturas ind\u00edgenas"},"content":{"rendered":"\n<p>El presidente del Congreso del estado, Edgar Garmendia de los Santos, consider\u00f3 que los lineamientos para la designaci\u00f3n de candidaturas ind\u00edgenas deber\u00e1n ser analizados, pero esto corresponder\u00e1 a la siguiente legislatura.<\/p>\n\n\n\n<p>Esto ante los registros del dirigente estatal del PRI, N\u00e9stor Camarillo, y la senadora Nadia Navarro como candidatos ind\u00edgenas para obtener un puesto en el senado y una diputaci\u00f3n federal, respectivamente, como parte de las cuotas de comunidades originarias.<\/p>\n\n\n\n<p>Sin embargo, el l\u00edder del Congreso evit\u00f3 opinar al respecto para mantenerse respetuoso de las posturas de los actores pol\u00edticos, quienes se autodefinen como \u00abind\u00edgenas\u00bb de Zacapoaxtla.<\/p>\n\n\n\n<p>\u00abCada uno tiene que ser responsable de sus acciones y lo que pueda realizar como militante de un partido. Ser\u00eda un tema a tratar y estar en an\u00e1lisis de los que llevamos el tema ind\u00edgena y adecuarlo\u00bb, se\u00f1al\u00f3 el l\u00edder del Congreso.<\/p>\n\n\n\n<p>En Puebla hay 47 municipios reconocidos como pueblos ind\u00edgenas, en los cuales el INE facilita las inscripciones a quienes se autoperciban como ind\u00edgena y cuenten con el respaldo de una organizaci\u00f3n para representar al sector que los acredite como parte de la comunidad ind\u00edgena.<\/p>\n\n\n\n<p>Sin embargo, reiter\u00f3 que deber\u00e1 analizarse en la pr\u00f3xima legislatura y por los diputados que atienden el tema.<\/p>\n","protected":false},"excerpt":{"rendered":"<p>El presidente del Congreso del estado, Edgar Garmendia de los Santos, consider\u00f3 que los lineamientos para la designaci\u00f3n de candidaturas ind\u00edgenas deber\u00e1n ser analizados, pero esto corresponder\u00e1 a la siguiente legislatura. Esto ante los registros del dirigente estatal del PRI, N\u00e9stor Camarillo, y la senadora Nadia Navarro como candidatos ind\u00edgenas para obtener un puesto en [&hellip;]<\/p>\n","protected":false},"author":4,"featured_media":42723,"comment_status":"open","ping_status":"open","sticky":false,"template":"","format":"standard","meta":{"om_disable_all_campaigns":false,"_monsterinsights_skip_tracking":false,"_monsterinsights_sitenote_active":false,"_monsterinsights_sitenote_note":"","_monsterinsights_sitenote_category":0,"footnotes":""},"categories":[175],"tags":[227,223],"class_list":["post-42722","post","type-post","status-publish","format-standard","has-post-thumbnail","hentry","category-local","tag-congreso","tag-puebla"],"amp_enabled":true,"_links":{"self":[{"href":"https:\/\/lahora.mx\/index.php\/wp-json\/wp\/v2\/posts\/42722","targetHints":{"allow":["GET"]}}],"collection":[{"href":"https:\/\/lahora.mx\/index.php\/wp-json\/wp\/v2\/posts"}],"about":[{"href":"https:\/\/lahora.mx\/index.php\/wp-json\/wp\/v2\/types\/post"}],"author":[{"embeddable":true,"href":"https:\/\/lahora.mx\/index.php\/wp-json\/wp\/v2\/users\/4"}],"replies":[{"embeddable":true,"href":"https:\/\/lahora.mx\/index.php\/wp-json\/wp\/v2\/comments?post=42722"}],"version-history":[{"count":1,"href":"https:\/\/lahora.mx\/index.php\/wp-json\/wp\/v2\/posts\/42722\/revisions"}],"predecessor-version":[{"id":42724,"href":"https:\/\/lahora.mx\/index.php\/wp-json\/wp\/v2\/posts\/42722\/revisions\/42724"}],"wp:featuredmedia":[{"embeddable":true,"href":"https:\/\/lahora.mx\/index.php\/wp-json\/wp\/v2\/media\/42723"}],"wp:attachment":[{"href":"https:\/\/lahora.mx\/index.php\/wp-json\/wp\/v2\/media?parent=42722"}],"wp:term":[{"taxonomy":"category","embeddable":true,"href":"https:\/\/lahora.mx\/index.php\/wp-json\/wp\/v2\/categories?post=42722"},{"taxonomy":"post_tag","embeddable":true,"href":"https:\/\/lahora.mx\/index.php\/wp-json\/wp\/v2\/tags?post=42722"}],"curies":[{"name":"wp","href":"https:\/\/api.w.org\/{rel}","templated":true}]}}