{"id":42704,"date":"2024-03-06T23:27:30","date_gmt":"2024-03-06T23:27:30","guid":{"rendered":"http:\/\/lahora.mx\/?p=42704"},"modified":"2024-03-06T23:27:31","modified_gmt":"2024-03-06T23:27:31","slug":"con-deportes-y-protestas-daran-color-al-dia-de-la-mujer-en-la-mixteca","status":"publish","type":"post","link":"https:\/\/lahora.mx\/index.php\/2024\/03\/06\/con-deportes-y-protestas-daran-color-al-dia-de-la-mujer-en-la-mixteca\/","title":{"rendered":"Con deportes y protestas dar\u00e1n color al D\u00eda de la Mujer en la Mixteca"},"content":{"rendered":"\n<p>Actividades deportivas, protestas y hasta una feria de emprendedoras ser\u00e1n algunas de las actividades que se realizar\u00e1n en diversos municipios alojados en la Mixteca de Puebla con motivo del D\u00eda Internacional de la Mujer<\/p>\n\n\n\n<p>Tecomatl\u00e1n<br>El municipio de Tecomatl\u00e1n efectuar\u00e1 la Primera Carrera de la Mujer con motivo del 8M, la cual dar\u00e1 inicio a las 07:00 horas y saldr\u00e1 desde el Arco de Bienvenida de esta demarcaci\u00f3n.<\/p>\n\n\n\n<p>Para s\u00e1bado 9 de marzo, en el municipio de Santa In\u00e9s Ahuatempan se llevar\u00e1 a cabo el primer Tornero Femenil Regional Segunda Fuerza, donde invitan a participar a los municipios de Tepeyahualco de Cuauht\u00e9moc, Huitziltepec, Molcaxac, Huatlatlauca, Chigmecatitl\u00e1n, Totoltepec de Guerrero, Zacapala, Cuayuca de Andrade, Tepexi de Rodr\u00edguez, Ixcaquixtla, Coyotepec, Juan N. M\u00e9ndez, Atexcal, Santa Catarina Tlaltempan, Xayacatl\u00e1n de Bravo, San Jer\u00f3nimo Xayacatl\u00e1n y Santa In\u00e9s Ahuatempan.<\/p>\n\n\n\n<p>El primer lugar se har\u00e1 acreedor a 5 mil pesos en efectivo, el segundo a 3 mil y el tercero a 2 mil, la comisi\u00f3n organizadora dar\u00e1 premios sorpresa. Esta actividad deportiva se realizar\u00e1 en la cancha de basquetbol ubicada en el Barrio de Santiago a partir de las 10:00 horas.<\/p>\n\n\n\n<p>Chietla<br>En Chietla, las mujeres ofrecer\u00e1n una serie de productos, en el marco de la Feria de Emprendedoras, con horario de inicio de las 08:00 horas.<br>En el municipio de Acatl\u00e1n de Osorio convocaron a una marcha en donde el punto de reuni\u00f3n ser\u00e1 enfrente de la Presidencia Municipal a partir de las 19:00 horas.<\/p>\n\n\n\n<p>Para esta protesta pidieron llevar carteles con frases alusivas al 8M, veladoras y flores. Al final de la marcha ser\u00e1 colocada una ofrenda en memoria de las v\u00edctimas de feminicidio.<\/p>\n\n\n\n<p>En Iz\u00facar de Matamoros el Colectivo Marea P\u00farpura convoc\u00f3 a una marcha, la cual dar\u00e1 inicio en el Centro Integral de Servicios (CIS). Las asistentes a esta deber\u00e1n llevar ropa negra con un distintivo morado. El tema central de esta protesta es \u201cJusticia para Nataly y Michel, por ellas, por ti, por todas, que nunca vuelvan a violentar a las periodistas, las activistas o cualquier mujer\u201d.<\/p>\n","protected":false},"excerpt":{"rendered":"<p>Actividades deportivas, protestas y hasta una feria de emprendedoras ser\u00e1n algunas de las actividades que se realizar\u00e1n en diversos municipios alojados en la Mixteca de Puebla con motivo del D\u00eda Internacional de la Mujer Tecomatl\u00e1nEl municipio de Tecomatl\u00e1n efectuar\u00e1 la Primera Carrera de la Mujer con motivo del 8M, la cual dar\u00e1 inicio a las [&hellip;]<\/p>\n","protected":false},"author":4,"featured_media":42705,"comment_status":"open","ping_status":"open","sticky":false,"template":"","format":"standard","meta":{"om_disable_all_campaigns":false,"_monsterinsights_skip_tracking":false,"_monsterinsights_sitenote_active":false,"_monsterinsights_sitenote_note":"","_monsterinsights_sitenote_category":0,"footnotes":""},"categories":[175],"tags":[223],"class_list":["post-42704","post","type-post","status-publish","format-standard","has-post-thumbnail","hentry","category-local","tag-puebla"],"amp_enabled":true,"_links":{"self":[{"href":"https:\/\/lahora.mx\/index.php\/wp-json\/wp\/v2\/posts\/42704","targetHints":{"allow":["GET"]}}],"collection":[{"href":"https:\/\/lahora.mx\/index.php\/wp-json\/wp\/v2\/posts"}],"about":[{"href":"https:\/\/lahora.mx\/index.php\/wp-json\/wp\/v2\/types\/post"}],"author":[{"embeddable":true,"href":"https:\/\/lahora.mx\/index.php\/wp-json\/wp\/v2\/users\/4"}],"replies":[{"embeddable":true,"href":"https:\/\/lahora.mx\/index.php\/wp-json\/wp\/v2\/comments?post=42704"}],"version-history":[{"count":1,"href":"https:\/\/lahora.mx\/index.php\/wp-json\/wp\/v2\/posts\/42704\/revisions"}],"predecessor-version":[{"id":42706,"href":"https:\/\/lahora.mx\/index.php\/wp-json\/wp\/v2\/posts\/42704\/revisions\/42706"}],"wp:featuredmedia":[{"embeddable":true,"href":"https:\/\/lahora.mx\/index.php\/wp-json\/wp\/v2\/media\/42705"}],"wp:attachment":[{"href":"https:\/\/lahora.mx\/index.php\/wp-json\/wp\/v2\/media?parent=42704"}],"wp:term":[{"taxonomy":"category","embeddable":true,"href":"https:\/\/lahora.mx\/index.php\/wp-json\/wp\/v2\/categories?post=42704"},{"taxonomy":"post_tag","embeddable":true,"href":"https:\/\/lahora.mx\/index.php\/wp-json\/wp\/v2\/tags?post=42704"}],"curies":[{"name":"wp","href":"https:\/\/api.w.org\/{rel}","templated":true}]}}